{"id":111,"date":"2020-06-10T10:00:00","date_gmt":"2020-06-10T13:00:00","guid":{"rendered":"http:\/\/trisul-stage.homolog.enken.it\/blog\/?p=111"},"modified":"2026-01-17T15:33:35","modified_gmt":"2026-01-17T18:33:35","slug":"historia-da-paulista-e-regiao-e-de-todos","status":"publish","type":"post","link":"https:\/\/www.trisul-sa.com.br\/blog\/historia-da-paulista-e-regiao-e-de-todos\/","title":{"rendered":"A hist\u00f3ria da Paulista e regi\u00e3o \u00e9 de todos"},"content":{"rendered":"\n<p>A Avenida Paulista \u00e9 um dos grandes s\u00edmbolos da Cidade de S\u00e3o Paulo e isso n\u00e3o \u00e9 por acaso<\/p>\n\n\n\n<p>Afinal, a localiza\u00e7\u00e3o conta com diversas empresas e empreendimentos que est\u00e3o entre os maiores do pa\u00eds. O que a torna, dessa forma, um importante polo econ\u00f4mico.<\/p>\n\n\n\n<p>Al\u00e9m disso, quem for comprar um <a href=\"https:\/\/www.trisul-sa.com.br\/apartamentos\/sao-paulo\">apartamento em S\u00e3o Paulo<\/a> na regi\u00e3o ir\u00e1 tamb\u00e9m comprar um domic\u00edlio em um dos maiores pontos culturais da Capital Paulista. Afinal, ela est\u00e1 cheia de museus, teatros e afins.&nbsp;&nbsp;<\/p>\n\n\n\n<h2 class=\"wp-block-heading\"><strong>Hist\u00f3ria da Paulista<\/strong><\/h2>\n\n\n\n<p>Tudo come\u00e7ou em 1891, quando a Avenida foi inaugurada e era espa\u00e7o para carruagens, \u00e1rvores e grandes terrenos.<\/p>\n\n\n\n<p>O diferencial da Avenida em rela\u00e7\u00e3o a outros pontos da Capital foi o fato dela ter sido planejada. Seu intuito inicial era receber pessoas ricas de S\u00e3o Paulo, como os grandes fazendeiros.<\/p>\n\n\n\n<p>Logo, de certa forma, assim como a <strong>Pompeia, Perdizes <\/strong>e o <a href=\"https:\/\/www.trisul-sa.com.br\/blog\/itaim-bibi\/\">Itaim Bibi<\/a>, por exemplo, a regi\u00e3o inicialmente possu\u00eda um car\u00e1ter elitista<\/p>\n\n\n\n<h2 class=\"wp-block-heading\"><strong>As mudan\u00e7as<\/strong><\/h2>\n\n\n\n<p>A partir dos anos 30, v\u00e1rias mudan\u00e7as come\u00e7aram a acontecer na \u00e1rea que at\u00e9 ent\u00e3o era pouco industrializada.<\/p>\n\n\n\n<p>Nos anos 60 e 70, os grandes edif\u00edcios tidos como \u201despig\u00f5es\u201d passaram a surgir e a partir dos anos 90 o tr\u00e1fego da cidade, que era antes majoritariamente composto de bondes, carruagens e bicicletas, teve uma mudan\u00e7a dr\u00e1stica com o surgimento de um metr\u00f4.<\/p>\n\n\n\n<p>Foi bastante similar ao que aconteceu com a<a href=\"https:\/\/www.trisul-sa.com.br\/blog\/30-razoes-para-amar-vila-mariana-sao-paulo\/\"> Vila Mariana<\/a> ap\u00f3s as mudan\u00e7as realizadas pela companhia urbanizadora Light.<\/p>\n\n\n\n<h2 class=\"wp-block-heading\"><strong>O\u00a0 MASP<\/strong><\/h2>\n\n\n\n<p>Um ponto tur\u00edstico bem interessante para quem for <a href=\"https:\/\/www.trisul-sa.com.br\/blog\/melhores-bairros-de-sao-paulo\/\">comprar um apartamento em S\u00e3o Paulo<\/a> na regi\u00e3o \u00e9, sem sombra de d\u00favidas, o Masp.<\/p>\n\n\n\n<p>O n\u00famero 578 da Paulista antigamente dava lugar ao mirante chamado Belvedere Trianon, lugar em que eram feitas festas, conven\u00e7\u00f5es e servi\u00e7os de confeitaria. Principalmente da alta sociedade paulistana.<\/p>\n\n\n\n<p>Tudo isso mudou em 1973, quando o edif\u00edcio foi demolido para que pudesse ser feita a 1\u00aa Bienal de Arte Moderna da Cidade e, ap\u00f3s o sucesso do evento, a prefeitura doou terreno para constru\u00e7\u00e3o do Masp. Este que acabou sendo inaugurado em 1968.<\/p>\n\n\n\n<h2 class=\"wp-block-heading\"><strong>Outros pontos de interesse na Paulista<\/strong><\/h2>\n\n\n\n<p>Fora o MASP, existem v\u00e1rios outros pontos bem interessantes para quem <strong>comprar um apartamento em S\u00e3o Paulo <\/strong>na Paulista visitar. A Casa das Rosas, a Japan House e o SESC s\u00e3o alguns dos exemplos.<\/p>\n\n\n\n<div class=\"schema-faq wp-block-yoast-faq-block\"><div class=\"schema-faq-section\" id=\"faq-question-1685038300544\"><strong class=\"schema-faq-question\"><strong>Quantos anos tem a Avenida Paulista?<\/strong><\/strong> <p class=\"schema-faq-answer\">Para quem quer <a href=\"https:\/\/www.trisul-sa.com.br\/blog\/melhores-bairros-de-sao-paulo\/\">comprar um apartamento em S\u00e3o Paulo<\/a> na Avenida Paulista, estar\u00e1 comprando um im\u00f3vel em um local com 131 anos de hist\u00f3ria.<\/p> <\/div> <div class=\"schema-faq-section\" id=\"faq-question-1685038549166\"><strong class=\"schema-faq-question\"><strong>Em que zona fica a Avenida Paulista?<\/strong><\/strong> <p class=\"schema-faq-answer\">Ela est\u00e1 localizada na Zona Sul mas fica localizada entre as Zonas Centro-Sul, Oeste e Central<\/p> <\/div> <\/div>\n\n\n\n<h2 class=\"wp-block-heading\"><strong>A Trisul pode te auxiliar<\/strong><\/h2>\n\n\n\n<p>Para voc\u00ea que tem interesse em adquirir um domic\u00edlio nesse local, seja um <a href=\"https:\/\/www.trisul-sa.com.br\/apartamentos\/na-planta\">apartamento na planta<\/a> ou j\u00e1 feito, lembre-se que a Trisul pode te ajudar com profissionalismo e atendimento com \u00f3tima qualidade.<\/p>\n","protected":false},"excerpt":{"rendered":"<p>A Avenida Paulista \u00e9 um dos grandes s\u00edmbolos da Cidade de S\u00e3o Paulo e isso n\u00e3o \u00e9 por acaso Afinal, a localiza\u00e7\u00e3o conta com diversas empresas e empreendimentos que est\u00e3o entre os maiores do pa\u00eds. O que a torna, dessa forma, um importante polo econ\u00f4mico. Al\u00e9m disso, quem for comprar um apartamento em S\u00e3o Paulo<\/p>\n<div class=\"read-more\"><a href=\"https:\/\/www.trisul-sa.com.br\/blog\/historia-da-paulista-e-regiao-e-de-todos\/\" title=\"Read More\">Read More<\/a><\/div>\n","protected":false},"author":24,"featured_media":4372,"comment_status":"closed","ping_status":"open","sticky":false,"template":"","format":"standard","meta":{"_jetpack_newsletter_access":"","_jetpack_dont_email_post_to_subs":false,"_jetpack_newsletter_tier_id":0,"_jetpack_memberships_contains_paywalled_content":false,"_jetpack_memberships_contains_paid_content":false,"footnotes":""},"categories":[4],"tags":[13,26],"class_list":{"0":"post-111","1":"post","2":"type-post","3":"status-publish","4":"format-standard","5":"has-post-thumbnail","7":"category-conheca-seu-bairro","8":"tag-bairros","9":"tag-sao-paulo"},"yoast_head":"<!-- This site is optimized with the Yoast SEO plugin v24.6 - https:\/\/yoast.com\/wordpress\/plugins\/seo\/ -->\n<title>A hist\u00f3ria da Paulista, a regi\u00e3o \u00e9 de todos | Blog Trisul<\/title>\n<meta name=\"description\" content=\"Voc\u00ea sabe como surgiu uma das avenidas mais famosas da cidade de S\u00e3o Paulo? Clique aqui e descubra a hist\u00f3ria da Paulista e algumas curiosidades.\" \/>\n<meta name=\"robots\" content=\"index, follow, max-snippet:-1, max-image-preview:large, max-video-preview:-1\" \/>\n<link rel=\"canonical\" href=\"https:\/\/www.trisul-sa.com.br\/blog\/historia-da-paulista-e-regiao-e-de-todos\/\" \/>\n<meta property=\"og:locale\" content=\"pt_BR\" \/>\n<meta property=\"og:type\" content=\"article\" \/>\n<meta property=\"og:title\" content=\"A hist\u00f3ria da Paulista, a regi\u00e3o \u00e9 de todos | Blog Trisul\" \/>\n<meta property=\"og:description\" content=\"Voc\u00ea sabe como surgiu uma das avenidas mais famosas da cidade de S\u00e3o Paulo? Clique aqui e descubra a hist\u00f3ria da Paulista e algumas curiosidades.\" \/>\n<meta property=\"og:url\" content=\"https:\/\/www.trisul-sa.com.br\/blog\/historia-da-paulista-e-regiao-e-de-todos\/\" \/>\n<meta property=\"og:site_name\" content=\"Blog da Trisul\" \/>\n<meta property=\"article:published_time\" content=\"2020-06-10T13:00:00+00:00\" \/>\n<meta property=\"article:modified_time\" content=\"2026-01-17T18:33:35+00:00\" \/>\n<meta property=\"og:image\" content=\"https:\/\/www.trisul-sa.com.br\/blog\/wp-content\/uploads\/2016\/08\/trisul_trisul_image_521-1-scaled.jpeg\" \/>\n\t<meta property=\"og:image:width\" content=\"2560\" \/>\n\t<meta property=\"og:image:height\" content=\"1707\" \/>\n\t<meta property=\"og:image:type\" content=\"image\/jpeg\" \/>\n<meta name=\"author\" content=\"Reda\u00e7\u00e3o Trisul\" \/>\n<meta name=\"twitter:card\" content=\"summary_large_image\" \/>\n<meta name=\"twitter:label1\" content=\"Escrito por\" \/>\n\t<meta name=\"twitter:data1\" content=\"Reda\u00e7\u00e3o Trisul\" \/>\n\t<meta name=\"twitter:label2\" content=\"Est. tempo de leitura\" \/>\n\t<meta name=\"twitter:data2\" content=\"3 minutos\" \/>\n<script type=\"application\/ld+json\" class=\"yoast-schema-graph\">{\"@context\":\"https:\/\/schema.org\",\"@graph\":[{\"@type\":\"Article\",\"@id\":\"https:\/\/www.trisul-sa.com.br\/blog\/historia-da-paulista-e-regiao-e-de-todos\/#article\",\"isPartOf\":{\"@id\":\"https:\/\/www.trisul-sa.com.br\/blog\/historia-da-paulista-e-regiao-e-de-todos\/\"},\"author\":{\"name\":\"Reda\u00e7\u00e3o Trisul\",\"@id\":\"https:\/\/www.trisul-sa.com.br\/blog\/#\/schema\/person\/9628e647185e3cb2d1cb9aeaa4534330\"},\"headline\":\"A hist\u00f3ria da Paulista e regi\u00e3o \u00e9 de todos\",\"datePublished\":\"2020-06-10T13:00:00+00:00\",\"dateModified\":\"2026-01-17T18:33:35+00:00\",\"mainEntityOfPage\":{\"@id\":\"https:\/\/www.trisul-sa.com.br\/blog\/historia-da-paulista-e-regiao-e-de-todos\/\"},\"wordCount\":514,\"publisher\":{\"@id\":\"https:\/\/www.trisul-sa.com.br\/blog\/#organization\"},\"image\":{\"@id\":\"https:\/\/www.trisul-sa.com.br\/blog\/historia-da-paulista-e-regiao-e-de-todos\/#primaryimage\"},\"thumbnailUrl\":\"https:\/\/www.trisul-sa.com.br\/blog\/wp-content\/uploads\/2016\/08\/trisul_trisul_image_521-1-scaled.jpeg\",\"keywords\":[\"Bairros\",\"S\u00e3o Paulo\"],\"articleSection\":[\"Conhe\u00e7a seu Bairro\"],\"inLanguage\":\"pt-BR\"},{\"@type\":[\"WebPage\",\"FAQPage\"],\"@id\":\"https:\/\/www.trisul-sa.com.br\/blog\/historia-da-paulista-e-regiao-e-de-todos\/\",\"url\":\"https:\/\/www.trisul-sa.com.br\/blog\/historia-da-paulista-e-regiao-e-de-todos\/\",\"name\":\"A hist\u00f3ria da Paulista, a regi\u00e3o \u00e9 de todos | Blog Trisul\",\"isPartOf\":{\"@id\":\"https:\/\/www.trisul-sa.com.br\/blog\/#website\"},\"primaryImageOfPage\":{\"@id\":\"https:\/\/www.trisul-sa.com.br\/blog\/historia-da-paulista-e-regiao-e-de-todos\/#primaryimage\"},\"image\":{\"@id\":\"https:\/\/www.trisul-sa.com.br\/blog\/historia-da-paulista-e-regiao-e-de-todos\/#primaryimage\"},\"thumbnailUrl\":\"https:\/\/www.trisul-sa.com.br\/blog\/wp-content\/uploads\/2016\/08\/trisul_trisul_image_521-1-scaled.jpeg\",\"datePublished\":\"2020-06-10T13:00:00+00:00\",\"dateModified\":\"2026-01-17T18:33:35+00:00\",\"description\":\"Voc\u00ea sabe como surgiu uma das avenidas mais famosas da cidade de S\u00e3o Paulo? Clique aqui e descubra a hist\u00f3ria da Paulista e algumas curiosidades.\",\"breadcrumb\":{\"@id\":\"https:\/\/www.trisul-sa.com.br\/blog\/historia-da-paulista-e-regiao-e-de-todos\/#breadcrumb\"},\"mainEntity\":[{\"@id\":\"https:\/\/www.trisul-sa.com.br\/blog\/historia-da-paulista-e-regiao-e-de-todos\/#faq-question-1685038300544\"},{\"@id\":\"https:\/\/www.trisul-sa.com.br\/blog\/historia-da-paulista-e-regiao-e-de-todos\/#faq-question-1685038549166\"}],\"inLanguage\":\"pt-BR\",\"potentialAction\":[{\"@type\":\"ReadAction\",\"target\":[\"https:\/\/www.trisul-sa.com.br\/blog\/historia-da-paulista-e-regiao-e-de-todos\/\"]}]},{\"@type\":\"ImageObject\",\"inLanguage\":\"pt-BR\",\"@id\":\"https:\/\/www.trisul-sa.com.br\/blog\/historia-da-paulista-e-regiao-e-de-todos\/#primaryimage\",\"url\":\"https:\/\/www.trisul-sa.com.br\/blog\/wp-content\/uploads\/2016\/08\/trisul_trisul_image_521-1-scaled.jpeg\",\"contentUrl\":\"https:\/\/www.trisul-sa.com.br\/blog\/wp-content\/uploads\/2016\/08\/trisul_trisul_image_521-1-scaled.jpeg\",\"width\":2560,\"height\":1707,\"caption\":\"hist\u00f3ria da avenida paulista\"},{\"@type\":\"BreadcrumbList\",\"@id\":\"https:\/\/www.trisul-sa.com.br\/blog\/historia-da-paulista-e-regiao-e-de-todos\/#breadcrumb\",\"itemListElement\":[{\"@type\":\"ListItem\",\"position\":1,\"name\":\"In\u00edcio\",\"item\":\"https:\/\/www.trisul-sa.com.br\/blog\/\"},{\"@type\":\"ListItem\",\"position\":2,\"name\":\"A hist\u00f3ria da Paulista e regi\u00e3o \u00e9 de todos\"}]},{\"@type\":\"WebSite\",\"@id\":\"https:\/\/www.trisul-sa.com.br\/blog\/#website\",\"url\":\"https:\/\/www.trisul-sa.com.br\/blog\/\",\"name\":\"Blog da Trisul\",\"description\":\"\",\"publisher\":{\"@id\":\"https:\/\/www.trisul-sa.com.br\/blog\/#organization\"},\"potentialAction\":[{\"@type\":\"SearchAction\",\"target\":{\"@type\":\"EntryPoint\",\"urlTemplate\":\"https:\/\/www.trisul-sa.com.br\/blog\/?s={search_term_string}\"},\"query-input\":{\"@type\":\"PropertyValueSpecification\",\"valueRequired\":true,\"valueName\":\"search_term_string\"}}],\"inLanguage\":\"pt-BR\"},{\"@type\":\"Organization\",\"@id\":\"https:\/\/www.trisul-sa.com.br\/blog\/#organization\",\"name\":\"Blog da Trisul\",\"url\":\"https:\/\/www.trisul-sa.com.br\/blog\/\",\"logo\":{\"@type\":\"ImageObject\",\"inLanguage\":\"pt-BR\",\"@id\":\"https:\/\/www.trisul-sa.com.br\/blog\/#\/schema\/logo\/image\/\",\"url\":\"https:\/\/www.trisul-sa.com.br\/blog\/wp-content\/uploads\/2016\/09\/logo-trisul.png\",\"contentUrl\":\"https:\/\/www.trisul-sa.com.br\/blog\/wp-content\/uploads\/2016\/09\/logo-trisul.png\",\"width\":168,\"height\":28,\"caption\":\"Blog da Trisul\"},\"image\":{\"@id\":\"https:\/\/www.trisul-sa.com.br\/blog\/#\/schema\/logo\/image\/\"}},{\"@type\":\"Person\",\"@id\":\"https:\/\/www.trisul-sa.com.br\/blog\/#\/schema\/person\/9628e647185e3cb2d1cb9aeaa4534330\",\"name\":\"Reda\u00e7\u00e3o Trisul\"},{\"@type\":\"Question\",\"@id\":\"https:\/\/www.trisul-sa.com.br\/blog\/historia-da-paulista-e-regiao-e-de-todos\/#faq-question-1685038300544\",\"position\":1,\"url\":\"https:\/\/www.trisul-sa.com.br\/blog\/historia-da-paulista-e-regiao-e-de-todos\/#faq-question-1685038300544\",\"name\":\"Quantos anos tem a Avenida Paulista?\",\"answerCount\":1,\"acceptedAnswer\":{\"@type\":\"Answer\",\"text\":\"Para quem quer <a href=\\\"https:\/\/www.trisul-sa.com.br\/blog\/melhores-bairros-de-sao-paulo\/\\\">comprar um apartamento em S\u00e3o Paulo<\/a> na Avenida Paulista, estar\u00e1 comprando um im\u00f3vel em um local com 131 anos de hist\u00f3ria.\",\"inLanguage\":\"pt-BR\"},\"inLanguage\":\"pt-BR\"},{\"@type\":\"Question\",\"@id\":\"https:\/\/www.trisul-sa.com.br\/blog\/historia-da-paulista-e-regiao-e-de-todos\/#faq-question-1685038549166\",\"position\":2,\"url\":\"https:\/\/www.trisul-sa.com.br\/blog\/historia-da-paulista-e-regiao-e-de-todos\/#faq-question-1685038549166\",\"name\":\"Em que zona fica a Avenida Paulista?\",\"answerCount\":1,\"acceptedAnswer\":{\"@type\":\"Answer\",\"text\":\"Ela est\u00e1 localizada na Zona Sul mas fica localizada entre as Zonas Centro-Sul, Oeste e Central\",\"inLanguage\":\"pt-BR\"},\"inLanguage\":\"pt-BR\"}]}<\/script>\n<!-- \/ Yoast SEO plugin. -->","yoast_head_json":{"title":"A hist\u00f3ria da Paulista, a regi\u00e3o \u00e9 de todos | Blog Trisul","description":"Voc\u00ea sabe como surgiu uma das avenidas mais famosas da cidade de S\u00e3o Paulo? Clique aqui e descubra a hist\u00f3ria da Paulista e algumas curiosidades.","robots":{"index":"index","follow":"follow","max-snippet":"max-snippet:-1","max-image-preview":"max-image-preview:large","max-video-preview":"max-video-preview:-1"},"canonical":"https:\/\/www.trisul-sa.com.br\/blog\/historia-da-paulista-e-regiao-e-de-todos\/","og_locale":"pt_BR","og_type":"article","og_title":"A hist\u00f3ria da Paulista, a regi\u00e3o \u00e9 de todos | Blog Trisul","og_description":"Voc\u00ea sabe como surgiu uma das avenidas mais famosas da cidade de S\u00e3o Paulo? Clique aqui e descubra a hist\u00f3ria da Paulista e algumas curiosidades.","og_url":"https:\/\/www.trisul-sa.com.br\/blog\/historia-da-paulista-e-regiao-e-de-todos\/","og_site_name":"Blog da Trisul","article_published_time":"2020-06-10T13:00:00+00:00","article_modified_time":"2026-01-17T18:33:35+00:00","og_image":[{"width":2560,"height":1707,"url":"https:\/\/www.trisul-sa.com.br\/blog\/wp-content\/uploads\/2016\/08\/trisul_trisul_image_521-1-scaled.jpeg","type":"image\/jpeg"}],"author":"Reda\u00e7\u00e3o Trisul","twitter_card":"summary_large_image","twitter_misc":{"Escrito por":"Reda\u00e7\u00e3o Trisul","Est. tempo de leitura":"3 minutos"},"schema":{"@context":"https:\/\/schema.org","@graph":[{"@type":"Article","@id":"https:\/\/www.trisul-sa.com.br\/blog\/historia-da-paulista-e-regiao-e-de-todos\/#article","isPartOf":{"@id":"https:\/\/www.trisul-sa.com.br\/blog\/historia-da-paulista-e-regiao-e-de-todos\/"},"author":{"name":"Reda\u00e7\u00e3o Trisul","@id":"https:\/\/www.trisul-sa.com.br\/blog\/#\/schema\/person\/9628e647185e3cb2d1cb9aeaa4534330"},"headline":"A hist\u00f3ria da Paulista e regi\u00e3o \u00e9 de todos","datePublished":"2020-06-10T13:00:00+00:00","dateModified":"2026-01-17T18:33:35+00:00","mainEntityOfPage":{"@id":"https:\/\/www.trisul-sa.com.br\/blog\/historia-da-paulista-e-regiao-e-de-todos\/"},"wordCount":514,"publisher":{"@id":"https:\/\/www.trisul-sa.com.br\/blog\/#organization"},"image":{"@id":"https:\/\/www.trisul-sa.com.br\/blog\/historia-da-paulista-e-regiao-e-de-todos\/#primaryimage"},"thumbnailUrl":"https:\/\/www.trisul-sa.com.br\/blog\/wp-content\/uploads\/2016\/08\/trisul_trisul_image_521-1-scaled.jpeg","keywords":["Bairros","S\u00e3o Paulo"],"articleSection":["Conhe\u00e7a seu Bairro"],"inLanguage":"pt-BR"},{"@type":["WebPage","FAQPage"],"@id":"https:\/\/www.trisul-sa.com.br\/blog\/historia-da-paulista-e-regiao-e-de-todos\/","url":"https:\/\/www.trisul-sa.com.br\/blog\/historia-da-paulista-e-regiao-e-de-todos\/","name":"A hist\u00f3ria da Paulista, a regi\u00e3o \u00e9 de todos | Blog Trisul","isPartOf":{"@id":"https:\/\/www.trisul-sa.com.br\/blog\/#website"},"primaryImageOfPage":{"@id":"https:\/\/www.trisul-sa.com.br\/blog\/historia-da-paulista-e-regiao-e-de-todos\/#primaryimage"},"image":{"@id":"https:\/\/www.trisul-sa.com.br\/blog\/historia-da-paulista-e-regiao-e-de-todos\/#primaryimage"},"thumbnailUrl":"https:\/\/www.trisul-sa.com.br\/blog\/wp-content\/uploads\/2016\/08\/trisul_trisul_image_521-1-scaled.jpeg","datePublished":"2020-06-10T13:00:00+00:00","dateModified":"2026-01-17T18:33:35+00:00","description":"Voc\u00ea sabe como surgiu uma das avenidas mais famosas da cidade de S\u00e3o Paulo? Clique aqui e descubra a hist\u00f3ria da Paulista e algumas curiosidades.","breadcrumb":{"@id":"https:\/\/www.trisul-sa.com.br\/blog\/historia-da-paulista-e-regiao-e-de-todos\/#breadcrumb"},"mainEntity":[{"@id":"https:\/\/www.trisul-sa.com.br\/blog\/historia-da-paulista-e-regiao-e-de-todos\/#faq-question-1685038300544"},{"@id":"https:\/\/www.trisul-sa.com.br\/blog\/historia-da-paulista-e-regiao-e-de-todos\/#faq-question-1685038549166"}],"inLanguage":"pt-BR","potentialAction":[{"@type":"ReadAction","target":["https:\/\/www.trisul-sa.com.br\/blog\/historia-da-paulista-e-regiao-e-de-todos\/"]}]},{"@type":"ImageObject","inLanguage":"pt-BR","@id":"https:\/\/www.trisul-sa.com.br\/blog\/historia-da-paulista-e-regiao-e-de-todos\/#primaryimage","url":"https:\/\/www.trisul-sa.com.br\/blog\/wp-content\/uploads\/2016\/08\/trisul_trisul_image_521-1-scaled.jpeg","contentUrl":"https:\/\/www.trisul-sa.com.br\/blog\/wp-content\/uploads\/2016\/08\/trisul_trisul_image_521-1-scaled.jpeg","width":2560,"height":1707,"caption":"hist\u00f3ria da avenida paulista"},{"@type":"BreadcrumbList","@id":"https:\/\/www.trisul-sa.com.br\/blog\/historia-da-paulista-e-regiao-e-de-todos\/#breadcrumb","itemListElement":[{"@type":"ListItem","position":1,"name":"In\u00edcio","item":"https:\/\/www.trisul-sa.com.br\/blog\/"},{"@type":"ListItem","position":2,"name":"A hist\u00f3ria da Paulista e regi\u00e3o \u00e9 de todos"}]},{"@type":"WebSite","@id":"https:\/\/www.trisul-sa.com.br\/blog\/#website","url":"https:\/\/www.trisul-sa.com.br\/blog\/","name":"Blog da Trisul","description":"","publisher":{"@id":"https:\/\/www.trisul-sa.com.br\/blog\/#organization"},"potentialAction":[{"@type":"SearchAction","target":{"@type":"EntryPoint","urlTemplate":"https:\/\/www.trisul-sa.com.br\/blog\/?s={search_term_string}"},"query-input":{"@type":"PropertyValueSpecification","valueRequired":true,"valueName":"search_term_string"}}],"inLanguage":"pt-BR"},{"@type":"Organization","@id":"https:\/\/www.trisul-sa.com.br\/blog\/#organization","name":"Blog da Trisul","url":"https:\/\/www.trisul-sa.com.br\/blog\/","logo":{"@type":"ImageObject","inLanguage":"pt-BR","@id":"https:\/\/www.trisul-sa.com.br\/blog\/#\/schema\/logo\/image\/","url":"https:\/\/www.trisul-sa.com.br\/blog\/wp-content\/uploads\/2016\/09\/logo-trisul.png","contentUrl":"https:\/\/www.trisul-sa.com.br\/blog\/wp-content\/uploads\/2016\/09\/logo-trisul.png","width":168,"height":28,"caption":"Blog da Trisul"},"image":{"@id":"https:\/\/www.trisul-sa.com.br\/blog\/#\/schema\/logo\/image\/"}},{"@type":"Person","@id":"https:\/\/www.trisul-sa.com.br\/blog\/#\/schema\/person\/9628e647185e3cb2d1cb9aeaa4534330","name":"Reda\u00e7\u00e3o Trisul"},{"@type":"Question","@id":"https:\/\/www.trisul-sa.com.br\/blog\/historia-da-paulista-e-regiao-e-de-todos\/#faq-question-1685038300544","position":1,"url":"https:\/\/www.trisul-sa.com.br\/blog\/historia-da-paulista-e-regiao-e-de-todos\/#faq-question-1685038300544","name":"Quantos anos tem a Avenida Paulista?","answerCount":1,"acceptedAnswer":{"@type":"Answer","text":"Para quem quer <a href=\"https:\/\/www.trisul-sa.com.br\/blog\/melhores-bairros-de-sao-paulo\/\">comprar um apartamento em S\u00e3o Paulo<\/a> na Avenida Paulista, estar\u00e1 comprando um im\u00f3vel em um local com 131 anos de hist\u00f3ria.","inLanguage":"pt-BR"},"inLanguage":"pt-BR"},{"@type":"Question","@id":"https:\/\/www.trisul-sa.com.br\/blog\/historia-da-paulista-e-regiao-e-de-todos\/#faq-question-1685038549166","position":2,"url":"https:\/\/www.trisul-sa.com.br\/blog\/historia-da-paulista-e-regiao-e-de-todos\/#faq-question-1685038549166","name":"Em que zona fica a Avenida Paulista?","answerCount":1,"acceptedAnswer":{"@type":"Answer","text":"Ela est\u00e1 localizada na Zona Sul mas fica localizada entre as Zonas Centro-Sul, Oeste e Central","inLanguage":"pt-BR"},"inLanguage":"pt-BR"}]}},"jetpack_featured_media_url":"https:\/\/www.trisul-sa.com.br\/blog\/wp-content\/uploads\/2016\/08\/trisul_trisul_image_521-1-scaled.jpeg","jetpack_shortlink":"https:\/\/wp.me\/p7OEkz-1N","jetpack_sharing_enabled":true,"_links":{"self":[{"href":"https:\/\/www.trisul-sa.com.br\/blog\/wp-json\/wp\/v2\/posts\/111","targetHints":{"allow":["GET"]}}],"collection":[{"href":"https:\/\/www.trisul-sa.com.br\/blog\/wp-json\/wp\/v2\/posts"}],"about":[{"href":"https:\/\/www.trisul-sa.com.br\/blog\/wp-json\/wp\/v2\/types\/post"}],"author":[{"embeddable":true,"href":"https:\/\/www.trisul-sa.com.br\/blog\/wp-json\/wp\/v2\/users\/24"}],"replies":[{"embeddable":true,"href":"https:\/\/www.trisul-sa.com.br\/blog\/wp-json\/wp\/v2\/comments?post=111"}],"version-history":[{"count":15,"href":"https:\/\/www.trisul-sa.com.br\/blog\/wp-json\/wp\/v2\/posts\/111\/revisions"}],"predecessor-version":[{"id":47695,"href":"https:\/\/www.trisul-sa.com.br\/blog\/wp-json\/wp\/v2\/posts\/111\/revisions\/47695"}],"wp:featuredmedia":[{"embeddable":true,"href":"https:\/\/www.trisul-sa.com.br\/blog\/wp-json\/wp\/v2\/media\/4372"}],"wp:attachment":[{"href":"https:\/\/www.trisul-sa.com.br\/blog\/wp-json\/wp\/v2\/media?parent=111"}],"wp:term":[{"taxonomy":"category","embeddable":true,"href":"https:\/\/www.trisul-sa.com.br\/blog\/wp-json\/wp\/v2\/categories?post=111"},{"taxonomy":"post_tag","embeddable":true,"href":"https:\/\/www.trisul-sa.com.br\/blog\/wp-json\/wp\/v2\/tags?post=111"}],"curies":[{"name":"wp","href":"https:\/\/api.w.org\/{rel}","templated":true}]}}