{"id":49991,"date":"2026-03-10T08:00:00","date_gmt":"2026-03-10T11:00:00","guid":{"rendered":"https:\/\/www.trisul-sa.com.br\/blog\/?p=49991"},"modified":"2026-02-24T17:54:08","modified_gmt":"2026-02-24T20:54:08","slug":"cafe-da-manha-em-moema","status":"publish","type":"post","link":"https:\/\/www.trisul-sa.com.br\/blog\/cafe-da-manha-em-moema\/","title":{"rendered":"Caf\u00e9 da manh\u00e3 em Moema: os 15 melhores endere\u00e7os"},"content":{"rendered":"\n<p id=\"p-rc_a74273437232a751-26\">Moema \u00e9 reconhecido como um dos bairros que melhor equilibra a infraestrutura consolidada com uma qualidade de vida elevada em S\u00e3o Paulo. Dentro dessa din\u00e2mica urbana, a experi\u00eancia gastron\u00f4mica matinal oferece um ecossistema diversificado, que contempla desde padarias com tradi\u00e7\u00e3o t\u00e9cnica at\u00e9 cafeterias contempor\u00e2neas focadas em gr\u00e3os especiais e processos artesanais. <\/p>\n\n\n\n<p id=\"p-rc_a74273437232a751-28\">Seja para uma reuni\u00e3o de neg\u00f3cios em um ambiente profissional ou para um momento de lazer familiar, selecionamos 15 estabelecimentos que sintetizam a excel\u00eancia do servi\u00e7o e a hospitalidade de Moema e do seu entorno.<\/p>\n\n\n\n<!--more-->\n\n\n\n<h2 class=\"wp-block-heading\">15. Bella S\u00e3o Paulo<\/h2>\n\n\n\n<p>A Bella S\u00e3o Paulo  re\u00fane padaria, confeitaria, emp\u00f3rio, restaurante, pizzaria e rotisseria, oferecendo uma experi\u00eancia vers\u00e1til para diferentes momentos do dia.<\/p>\n\n\n\n<p>No card\u00e1pio, destaque para pratos gourmet leves, caf\u00e9s especiais e sandu\u00edches caseiros preparados com ingredientes selecionados. Entre as del\u00edcias est\u00e3o p\u00e3o de queijo crocante, lanches, salgados, petit four, bolos e doces variados, tortas, t\u00e1buas de frios e sandu\u00edche de metro. <\/p>\n\n\n<div class=\"wp-block-image\">\n<figure class=\"aligncenter size-large\"><img decoding=\"async\" src=\"https:\/\/lh3.googleusercontent.com\/gps-cs-s\/AHVAweq1gu5fBYjnSrz-Mb5hJ4WIY2cjmWLH3srp7E2UiGfMyNWqDoOqPZIizgS6awNCdqGh1dFYEuOa3lNc4cvcCI92r3IVwYEzTH8OExe4se87v0RcGD4T4aQdSOQbimQim1nNp6jlmJ51KCA=s1360-w1360-h1020-rw\" alt=\"Ambiente da Bella S\u00e3o Paulo em Moema.\"\/><figcaption class=\"wp-element-caption\">Fonte: Bella S\u00e3o Paulo<\/figcaption><\/figure><\/div>\n\n\n<p>A casa tamb\u00e9m prepara cestas de p\u00e3es e vinhos, al\u00e9m de cestas de caf\u00e9 da manh\u00e3, \u00f3timas op\u00e7\u00f5es para presentear ou celebrar datas especiais. Com ambiente acolhedor e funcionamento di\u00e1rio, \u00e9 uma escolha pr\u00e1tica tanto para um caf\u00e9 r\u00e1pido quanto para refei\u00e7\u00f5es completas com a fam\u00edlia.<\/p>\n\n\n\n<ul class=\"wp-block-list\">\n<li><strong>Endere\u00e7o:<\/strong> Alameda dos Maracatins, 635 \u2013 Indian\u00f3polis, S\u00e3o Paulo \u2013 SP, 04089-011<\/li>\n\n\n\n<li><strong>Telefone:<\/strong> (11) 5054-5099<\/li>\n\n\n\n<li><strong>Funcionamento:<\/strong> Todos os dias, das 6h \u00e0s 22h<br><\/li>\n<\/ul>\n\n\n\n<h2 class=\"wp-block-heading\">14. Ofner <\/h2>\n\n\n\n<p>Fundada em 1952, a Ofner \u00e9 refer\u00eancia quando o assunto \u00e9 confeitaria refinada e qualidade excepcional. Sua trajet\u00f3ria de mais de sete d\u00e9cadas \u00e9 sustentada por um modelo de neg\u00f3cio que prioriza a sele\u00e7\u00e3o criteriosa de insumos, estabelecendo parcerias com produtores locais de pequeno e m\u00e9dio porte para garantir o frescor e a proced\u00eancia que definem a identidade da marca.<\/p>\n\n\n<div class=\"wp-block-image\">\n<figure class=\"aligncenter size-large\"><img decoding=\"async\" src=\"https:\/\/lh3.googleusercontent.com\/gps-cs-s\/AHVAweqjx-bPrJFRBSpMevOgfbd4NN8SoAfPP971xTuX_T-_V2i8mCKwsT7IOiaivPOWH9iZBUqvaALutBd8U0PrANuZHE3KnHbAMDqaS5X3aoOMGmMWa5LLBL0vjihYbMDlZbNfietM=s1360-w1360-h1020-rw\" alt=\"Ambiente da Ofner em Moema\"\/><figcaption class=\"wp-element-caption\">Fonte: Ofner <\/figcaption><\/figure><\/div>\n\n\n<p>Na unidade localizada na Avenida Ibirapuera, o cliente encontra uma infraestrutura preparada para oferecer a experi\u00eancia completa do portf\u00f3lio da rede. A opera\u00e7\u00e3o da Ofner \u00e9 um exemplo de efici\u00eancia t\u00e9cnica: com produ\u00e7\u00e3o centralizada em cozinha industrial pr\u00f3pria, a marca entrega mais de 30 mil itens di\u00e1rios.<\/p>\n\n\n\n<ul class=\"wp-block-list\">\n<li><strong>Endere\u00e7o:\u00a0<\/strong>Av. Ibirapuera, 2033<\/li>\n\n\n\n<li><strong>Telefone<\/strong>:\u00a0(11) 5693-8620<\/li>\n\n\n\n<li><strong>Site<\/strong>: <a href=\"https:\/\/www.ofner.com.br\/\" target=\"_blank\" rel=\"noreferrer noopener\">ofner.com.br<\/a><\/li>\n\n\n\n<li><strong>Funcionamento: <\/strong>Domingo a quinta-feira das 07h \u00e0s 23h l Sexta-feira e s\u00e1bado das 07h \u00e0s 02h<\/li>\n<\/ul>\n\n\n\n<h2 class=\"wp-block-heading\">13. Padaria Dengosa<\/h2>\n\n\n\n<p>Com uma trajet\u00f3ria iniciada na d\u00e9cada de 1980 e sob gest\u00e3o atual desde 1998, a Padaria Dengosa \u00e9 um exemplo de perenidade e respeito \u00e0 tradi\u00e7\u00e3o local, mantendo-se como um ponto de refer\u00eancia para a comunidade do bairro.<\/p>\n\n\n\n<p>O ambiente preserva uma atmosfera casual e acolhedora, ideal para quem busca uma experi\u00eancia matinal aut\u00eantica e completa. Entre os destaques do card\u00e1pio, o tradicional croissant na chapa com requeij\u00e3o \u00e9 um item emblem\u00e1tico, reconhecido pela simplicidade t\u00e9cnica e pelo sabor que cativa tanto moradores antigos quanto novos visitantes.<\/p>\n\n\n\n<figure class=\"wp-block-embed is-type-video is-provider-youtube wp-block-embed-youtube wp-embed-aspect-16-9 wp-has-aspect-ratio\"><div class=\"wp-block-embed__wrapper\">\n<iframe loading=\"lazy\" title=\"Padaria Dengosa de Moema\" width=\"702\" height=\"395\" src=\"https:\/\/www.youtube.com\/embed\/WdvCB51Hvyg?feature=oembed\" frameborder=\"0\" allow=\"accelerometer; autoplay; clipboard-write; encrypted-media; gyroscope; picture-in-picture; web-share\" referrerpolicy=\"strict-origin-when-cross-origin\" allowfullscreen><\/iframe>\n<\/div><\/figure>\n\n\n\n<p>A diversidade \u00e9 um dos pilares da Dengosa, que oferece desde uma ampla sele\u00e7\u00e3o de p\u00e3es e confeitaria artesanal at\u00e9 buffets completos de caf\u00e9 da manh\u00e3 e sopas.  A estrutura de servi\u00e7os tamb\u00e9m contempla encomendas e t\u00e1buas de frios, refor\u00e7ando sua versatilidade como um centro de conveni\u00eancia gastron\u00f4mica. <\/p>\n\n\n\n<p><strong>Endere\u00e7o:<\/strong> R. Can\u00e1rio, 669 <br><strong>Telefone: <\/strong>(11) 5052-0059<br><strong>Site:<\/strong> <a href=\"https:\/\/www.padariadengosa.com.br\/\" target=\"_blank\" rel=\"noreferrer noopener\">https:\/\/www.padariadengosa.com.br\/<\/a><br><strong>Funcionamento:<\/strong> Todos os dias, das 6h \u00e0s 21h<\/p>\n\n\n\n<h2 class=\"wp-block-heading\">12. Padaria e Emporio Bella Antonia<\/h2>\n\n\n\n<p>Com uma proposta operacional vers\u00e1til, a Padaria e Emporio Bella Antonia transcende a primeira refei\u00e7\u00e3o do dia, oferecendo um sistema self-service que abrange do almo\u00e7o ao lanche da tarde.<\/p>\n\n\n\n<p>O portf\u00f3lio de produtos apresenta produ\u00e7\u00e3o de p\u00e3es variados, confeitaria e rotisseria. No caf\u00e9 da manh\u00e3, o destaque da casa \u00e9 o p\u00e3o tostado na chapa com requeij\u00e3o, uma composi\u00e7\u00e3o cl\u00e1ssica que se destaca pela textura equilibrada e pela fideliza\u00e7\u00e3o de p\u00fablico na regi\u00e3o.<\/p>\n\n\n<div class=\"wp-block-image\">\n<figure class=\"aligncenter size-large\"><img decoding=\"async\" src=\"https:\/\/lh3.googleusercontent.com\/gps-cs-s\/AHVAweq0zVJeEk6WH8T9a1dw00PR-RO2aDzYgY_SIBAPseW7pZ5_jfNLZpVE8PLisTR67HxfFpbV3cvPPyIB0zTuxjbChM3lwKG11SulYwYPUpvDJI5EUhpzR5VueHh5-nTjFhbfvaop0w=s1360-w1360-h1020-rw\" alt=\"Bolo e caf\u00e9 da Padaria e Emporio Bella Antonia em Moema.\"\/><figcaption class=\"wp-element-caption\">Fonte: Padaria e Emporio Bella Antonia<\/figcaption><\/figure><\/div>\n\n\n<p>Com funcionamento di\u00e1rio e hor\u00e1rio estendido, a Bella Antonia posiciona-se como mais uma das <a href=\"https:\/\/www.trisul-sa.com.br\/blog\/descubra-algumas-vantagens-de-morar-em-moema\/\">vantagens de morar em Moema<\/a>. \u00c9 a escolha adequada tanto para quem busca iniciar o dia com previsibilidade e tranquilidade quanto para profissionais que necessitam de uma pausa estrat\u00e9gica e eficiente ao longo da rotina urbana.<\/p>\n\n\n\n<ul class=\"wp-block-list\">\n<li><strong>Endere\u00e7o: <\/strong>Av. Cotovia, 325 <\/li>\n\n\n\n<li><strong>Telefone:<\/strong> (11) 5092-4531<\/li>\n\n\n\n<li><strong>Hor\u00e1rio: <\/strong>Todos os dias, das 6h \u00e0s 22h<\/li>\n<\/ul>\n\n\n\n<h2 class=\"wp-block-heading\">11. Freak Caf\u00e9<\/h2>\n\n\n\n<p>Inaugurado em 2014 e inspirado nas cafeterias australianas, o Freak Caf\u00e9 \u00e9 um endere\u00e7o para quem aprecia caf\u00e9 especial e brunch. O espa\u00e7o conta com ambiente arejado, \u00e1reas internas e externas e atmosfera descontra\u00edda, ideal tanto para um caf\u00e9 da manh\u00e3 tranquilo quanto para uma pausa no meio da rotina.<\/p>\n\n\n\n<p>A casa trabalha com caf\u00e9s especiais de torra sempre fresca, oferecendo gr\u00e3os de diferentes regi\u00f5es e variados m\u00e9todos de extra\u00e7\u00e3o. Para quem est\u00e1 em home office, o Freak disponibiliza o \u201ccoffee office\u201d, com combos que garantem caf\u00e9 \u00e0 vontade e estrutura confort\u00e1vel para trabalhar no local.<\/p>\n\n\n<div class=\"wp-block-image\">\n<figure class=\"aligncenter size-large\"><img decoding=\"async\" src=\"https:\/\/lh3.googleusercontent.com\/p\/AF1QipMb9-1lE4-eoJOL5Hn_HEtkGjLu-uXWubSU7fB4=s1360-w1360-h1020-rw\" alt=\"Fachada do Freak Caf\u00e9 em Moema\"\/><figcaption class=\"wp-element-caption\">Fonte: Freak Caf\u00e9<\/figcaption><\/figure><\/div>\n\n\n<p>O card\u00e1pio vai al\u00e9m do brunch e inclui empanadas, sandu\u00edches, grelhados e pratos executivos no almo\u00e7o, al\u00e9m de op\u00e7\u00f5es vegetarianas e veganas. Para acompanhar, h\u00e1 sempre doces frescos saindo da cozinha, bolos caseiros e uma vitrine convidativa com tortas, cinnamon roll, croissants, brownies e cookies.<\/p>\n\n\n\n<p>Durante o m\u00eas, alguns domingos contam com a experi\u00eancia Brunch + Jazz, trazendo m\u00fasica ao vivo. O caf\u00e9 tamb\u00e9m realiza eventos privados.<\/p>\n\n\n\n<ul class=\"wp-block-list\">\n<li><strong>Endere\u00e7o: <\/strong>Av. Jurema, 359 <\/li>\n\n\n\n<li><strong>Telefone:&nbsp;<\/strong>(11) 5052-2200<br>Site: <a href=\"https:\/\/www.freakcafe.com.br\/\" target=\"_blank\" rel=\"noreferrer noopener\">https:\/\/www.freakcafe.com.br\/ <\/a><\/li>\n\n\n\n<li><strong>Funcionamento:<\/strong> Ter\u00e7a a sexta, das 8h \u00e0s 18h30 l S\u00e1bado, das 8h \u00e0s 18h30 l Domingo, das 8h \u00e0s 14h<br>*<em>\u00daltimo domingo do m\u00eas: fechado<\/em><\/li>\n\n\n\n<li>Pet friendly&nbsp;<\/li>\n<\/ul>\n\n\n\n<h2 class=\"wp-block-heading\">10. Padoca Di Napoli&nbsp;<\/h2>\n\n\n\n<p>Localizada em uma charmosa esquina da Avenida Rouxinol, a Padoca Di Napoli \u00e9 uma op\u00e7\u00e3o vers\u00e1til em Moema para quem busca um caf\u00e9 da manh\u00e3 completo em ambiente elegante e acolhedor. Com decora\u00e7\u00e3o em estilo proven\u00e7al e clima familiar, o espa\u00e7o combina conforto e praticidade ao longo de todo o dia.<\/p>\n\n\n<div class=\"wp-block-image\">\n<figure class=\"aligncenter size-large\"><img decoding=\"async\" src=\"https:\/\/lh3.googleusercontent.com\/p\/AF1QipNPajRwKtSeDHPrUt8ZqSKNOnifI_-vJmRREu7d=s1360-w1360-h1020-rw\" alt=\"Padoca Di Napoli em Moema\"\/><figcaption class=\"wp-element-caption\">Fonte: Padoca Di Napoli&nbsp;<\/figcaption><\/figure><\/div>\n\n\n<p>O card\u00e1pio \u00e9 amplo e atende diferentes prefer\u00eancias, com variedade de p\u00e3es, caf\u00e9s, frios, quitutes, doces, lanches, pratos comerciais e pizzas. Embora n\u00e3o conte com um espa\u00e7o dedicado exclusivamente \u00e0s crian\u00e7as, a padaria oferece op\u00e7\u00f5es que tamb\u00e9m agradam aos pequenos, como sucos naturais e cupcakes.<\/p>\n\n\n\n<p>A casa tamb\u00e9m disponibiliza Wi-Fi, acessibilidade e estacionamento, al\u00e9m de ser pet friendly. Outro diferencial \u00e9 a possibilidade de adquirir massas e pizzas do grupo Don Pepe di Napoli, pr\u00e9-prontas para finalizar em casa.<\/p>\n\n\n\n<ul class=\"wp-block-list\">\n<li><strong>Endere\u00e7o: <\/strong>Av. Rouxinol, 214 <\/li>\n\n\n\n<li><strong>Telefone: <\/strong>(11) 2507-3764<\/li>\n\n\n\n<li><strong>Site: <\/strong><a href=\"https:\/\/padocadinapoli.com.br\/\" target=\"_blank\" rel=\"noreferrer noopener\">https:\/\/padocadinapoli.com.br\/<\/a><\/li>\n\n\n\n<li><strong>Funcionamento: <\/strong>Todos os dias, das 6h \u00e0s 22h<\/li>\n<\/ul>\n\n\n\n<h2 class=\"wp-block-heading\">9. Maria Phil\u00f3<\/h2>\n\n\n\n<p>A Maria Phil\u00f3 re\u00fane um espa\u00e7o com padaria, confeitaria, chocolateria, cafeteria, lanchonete e pizzaria, oferecendo uma experi\u00eancia gastron\u00f4mica completa em Moema. Com ambiente elegante e acolhedor, \u00e9 uma op\u00e7\u00e3o vers\u00e1til tanto para um caf\u00e9 da manh\u00e3 r\u00e1pido quanto para uma refei\u00e7\u00e3o mais elaborada ao longo do dia.<\/p>\n\n\n\n<p>O card\u00e1pio contempla p\u00e3es, doces e salgados, frios, bebidas, saladas, massas, pizzas e pratos de almo\u00e7o. Entre os destaques est\u00e3o o p\u00e3o franc\u00eas e os chocolates artesanais de alta qualidade.<\/p>\n\n\n\n<figure class=\"wp-block-image size-large\"><img decoding=\"async\" src=\"https:\/\/lh3.googleusercontent.com\/p\/AF1QipOJTnfZ2gJFLdUU6dSW6ixMfMxOGLFdTdtI8-1F=s1360-w1360-h1020-rw\" alt=\"Produtos da Maria Phil\u00f3 em Moema\"\/><\/figure>\n\n\n\n<p>Com ampla variedade e funcionamento di\u00e1rio, a Maria Phil\u00f3 se consolida como um ponto de encontro para quem busca praticidade sem abrir m\u00e3o de sabor e diversidade. Sendo uma parada estrat\u00e9gica no bairro para come\u00e7ar o dia, almo\u00e7ar ou fazer um lanche em um ambiente confort\u00e1vel e completo.<\/p>\n\n\n\n<p><strong>Endere\u00e7o: <\/strong>Av. dos Eucaliptos, 683 <br><strong>Telefone:<\/strong> (11) 5533-4444<br><strong>Site: <\/strong><a href=\"https:\/\/www.mariafilo.com.br\/\" target=\"_blank\" rel=\"noreferrer noopener\">https:\/\/www.mariafilo.com.br\/<\/a><br><strong>Funcionamento:<\/strong> Todos os dias, das 6h30 \u00e0s 22h<\/p>\n\n\n\n<h2 class=\"wp-block-heading\">8. Emp\u00f3rio Moema<\/h2>\n\n\n\n<p>O Emp\u00f3rio Moema transcende o conceito convencional de panifica\u00e7\u00e3o em S\u00e3o Paulo, posicionando-se como um complexo gastron\u00f4mico de alta conveni\u00eancia. O espa\u00e7o foi projetado para integrar m\u00faltiplas solu\u00e7\u00f5es em um \u00fanico endere\u00e7o.<\/p>\n\n\n\n<p>A opera\u00e7\u00e3o harmoniza as fun\u00e7\u00f5es de padaria, emp\u00f3rio, restaurante e adega. No per\u00edodo matinal, o destaque recai sobre os buffets variados e as op\u00e7\u00f5es de brunch de fim de semana, que atendem desde o p\u00fablico corporativo at\u00e9 fam\u00edlias que buscam lazer. <\/p>\n\n\n<div class=\"wp-block-image\">\n<figure class=\"aligncenter size-large\"><img decoding=\"async\" src=\"https:\/\/lh3.googleusercontent.com\/gps-cs-s\/AHVAwerHAawppKOeH83m7xlk8d-UIPn0YCFxCUhPik9uWjaPw44ULzoFMWdbx26wfrYSo4DKcfBVS8R4pH7Gj32UMmulDoBx-MBdabrSR2Isv368fnEH6uCjR_WxHxxTS03mlylKF8e_=s1360-w1360-h1020-rw\" alt=\"Ambiente da Emp\u00f3rio Moema\"\/><figcaption class=\"wp-element-caption\">Fonte: Emp\u00f3rio Moema<\/figcaption><\/figure><\/div>\n\n\n<p>O portf\u00f3lio de produtos \u00e9 rigoroso, contemplando p\u00e3es artesanais, confeitaria fina, sucos naturais e uma sele\u00e7\u00e3o criteriosa de r\u00f3tulos de vinhos e caf\u00e9s especiais. Um diferencial estrat\u00e9gico do empreendimento \u00e9 a oferta de espa\u00e7os dedicados ao p\u00fablico infantil, permitindo que a experi\u00eancia gastron\u00f4mica ocorra com a previsibilidade e o conforto necess\u00e1rios aos pais. <\/p>\n\n\n\n<p>Al\u00e9m do consumo no local, o emp\u00f3rio atua como um ponto de suprimento de produtos naturais e itens de mercearia premium.<\/p>\n\n\n\n<ul class=\"wp-block-list\">\n<li><strong>Endere\u00e7o: <\/strong>R. Can\u00e1rio, 870 \u2013 Moema<\/li>\n\n\n\n<li><strong>Telefone: <\/strong>(11) 94264-4683<\/li>\n\n\n\n<li><strong>Funcionamento: <\/strong>Todos os dias, das 6h \u00e0s 22h<\/li>\n<\/ul>\n\n\n\n<h2 class=\"wp-block-heading\">7. Caf\u00e9 Cultura<\/h2>\n\n\n\n<p>O Caf\u00e9 Cultura estabeleceu-se no mercado com a premissa de elevar o padr\u00e3o do caf\u00e9 especial no Brasil, unindo rigor t\u00e9cnico a uma experi\u00eancia sensorial distinta. Em Moema, com um card\u00e1pio estruturado no conceito de mini bistr\u00f4, o espa\u00e7o atende com precis\u00e3o desde o caf\u00e9 da manh\u00e3 e brunch at\u00e9 pausas estrat\u00e9gicas ao longo do dia.<\/p>\n\n\n<div class=\"wp-block-image\">\n<figure class=\"aligncenter size-large\"><img decoding=\"async\" src=\"https:\/\/cafeculturabrasil.com\/wp-content\/webp-express\/webp-images\/uploads\/2024\/09\/WhatsApp-Image-2024-09-25-at-12.35.31.jpeg.webp\" alt=\"Fachada do Caf\u00e9 Cultura de Moema\"\/><figcaption class=\"wp-element-caption\">Fonte: Caf\u00e9 Cultura<\/figcaption><\/figure><\/div>\n\n\n<p>Com uma trajet\u00f3ria de mais de duas d\u00e9cadas, a marca destaca-se por operar uma das primeiras microtorrefa\u00e7\u00f5es do pa\u00eds. Esse controle vertical da produ\u00e7\u00e3o permite uma curadoria rigorosa de gr\u00e3os nativos de diversas regi\u00f5es brasileiras, preservando a complexidade arom\u00e1tica e o perfil de sabor que conferiram ao Caf\u00e9 Cultura m\u00faltiplas premia\u00e7\u00f5es. <\/p>\n\n\n\n<p>Al\u00e9m da excel\u00eancia na panifica\u00e7\u00e3o e confeitaria, a infraestrutura do Caf\u00e9 Cultura foi planejada para atender \u00e0s novas din\u00e2micas de produtividade. O ambiente oferece o conforto e a conectividade necess\u00e1rios para reuni\u00f5es de neg\u00f3cios, encontros profissionais e sess\u00f5es de coworking. <\/p>\n\n\n\n<ul class=\"wp-block-list\">\n<li><strong>Endere\u00e7o:<\/strong> R. Min. Gabriel de Rezende Passos, 521<\/li>\n\n\n\n<li><strong>Telefone:<\/strong> (11) 2365-8872<\/li>\n\n\n\n<li><strong>Site:<\/strong><a href=\"https:\/\/cafeculturabrasil.com\/\"> https:\/\/cafeculturabrasil.com\/<\/a><\/li>\n\n\n\n<li><strong>Funcionamento:<\/strong> Todos os dias, das 7h30m \u00e0s 20h<\/li>\n<\/ul>\n\n\n\n<h2 class=\"wp-block-heading\">6. Bienal Moema<\/h2>\n\n\n\n<p>A Bienal Moema nasceu da paix\u00e3o de dois amigos por fazer p\u00e3es e proporcionar momentos especiais entre fam\u00edlias e amigos. O que come\u00e7ou com receitas pr\u00f3prias e produ\u00e7\u00e3o artesanal evoluiu ao longo do tempo, consolidando a padaria como uma das queridinhas da regi\u00e3o quando o assunto \u00e9 qualidade e sabor.<\/p>\n\n\n<div class=\"wp-block-image\">\n<figure class=\"aligncenter size-large\"><img decoding=\"async\" src=\"https:\/\/lh3.googleusercontent.com\/p\/AF1QipM_7GtdE4I-pqjXFvmUFMPp7-Q6ajiyaOscfcJD=s1360-w1360-h1020-rw\" alt=\"Produtos da Bienal Moema\"\/><figcaption class=\"wp-element-caption\">Fonte: Bienal Moema<\/figcaption><\/figure><\/div>\n\n\n<p>Com produ\u00e7\u00e3o di\u00e1ria, a casa se destaca pelas baguetes, p\u00e3es fresquinhos e doces preparados com cuidado e dedica\u00e7\u00e3o. A proposta \u00e9 oferecer variedade e atender a todos os gostos, sempre com aquele toque caseiro que transforma o simples caf\u00e9 da manh\u00e3 em uma experi\u00eancia acolhedora.<\/p>\n\n\n\n<p>Al\u00e9m dos p\u00e3es tradicionais, a Bienal Moema tamb\u00e9m oferece doces, salgados, lanches e at\u00e9 lanches de metro, ideais para compartilhar em encontros e celebra\u00e7\u00f5es. Essa diversidade faz com que o espa\u00e7o seja uma \u00f3tima op\u00e7\u00e3o n\u00e3o apenas para o caf\u00e9 da manh\u00e3, mas tamb\u00e9m para um lanche da tarde ou para encomendas especiais.<\/p>\n\n\n\n<ul class=\"wp-block-list\">\n<li><strong>Endere\u00e7o:<\/strong> Av. Rouxinol, 819 <\/li>\n\n\n\n<li><strong>Telefone:<\/strong> (11) 5055-4284<\/li>\n\n\n\n<li><strong>Funcionamento: <\/strong>Todos os dias, das 6h \u00e0s 22h<\/li>\n<\/ul>\n\n\n\n<h2 class=\"wp-block-heading\">5. Padaria Juriti<\/h2>\n\n\n\n<p>Reconhecida pela solidez de sua trajet\u00f3ria no bairro, a Padaria Juriti representa uma escolha estrat\u00e9gica para quem busca versatilidade e efici\u00eancia nutricional em Moema. O estabelecimento organiza seu card\u00e1pio com foco no equil\u00edbrio, a curadoria de itens contempla desde sandu\u00edches naturais e tapiocas at\u00e9 op\u00e7\u00f5es contempor\u00e2neas, como sucos funcionais e shakes energ\u00e9ticos. <\/p>\n\n\n\n<p>Essa diversidade reflete a compreens\u00e3o da padaria sobre as diferentes rotinas urbanas, oferecendo composi\u00e7\u00f5es que auxiliam na performance di\u00e1ria. Para as fam\u00edlias, o local mant\u00e9m o cuidado com a pr\u00f3xima gera\u00e7\u00e3o, disponibilizando combina\u00e7\u00f5es nutritivas de p\u00e3es integrais e vitaminas, fundamentais para uma forma\u00e7\u00e3o alimentar equilibrada.<\/p>\n\n\n<div class=\"wp-block-image\">\n<figure class=\"aligncenter size-large\"><img decoding=\"async\" src=\"https:\/\/lh3.googleusercontent.com\/gps-cs-s\/AHVAwerWLcabhGGpy-7l_tzfastlB6LJkeRNScTRq39nTgV_HWq6HSlX6daM1oyApcVBlbJx__C4wTZs4uYyhBCm1ELNXt4ki3bSQ22CmTy2desuIzYSnc0SzRxN_YWFVSDOhmLuQe_b=s1360-w1360-h1020-rw\" alt=\"Padaria Juriti em Moema\"\/><figcaption class=\"wp-element-caption\">Fonte: Padaria Juriti<\/figcaption><\/figure><\/div>\n\n\n<h2 class=\"wp-block-heading\">4. Padaria Pingo Doce<\/h2>\n\n\n\n<p>Fundada em 1997, a Padaria Pingo Doce \u00e9 um exemplo de longevidade e integra\u00e7\u00e3o com a comunidade de Moema. Ao longo de mais de duas d\u00e9cadas, o estabelecimento evoluiu em conjunto com o bairro, transformando o of\u00edcio da panifica\u00e7\u00e3o em um ponto de conviv\u00eancia que preza pelo ambiente acolhedor e pela dedica\u00e7\u00e3o em cada processo produtivo.<\/p>\n\n\n\n<p>O compromisso com a qualidade \u00e9 evidenciado pela sele\u00e7\u00e3o rigorosa de ingredientes frescos, resultando em um portf\u00f3lio diversificado de p\u00e3es artesanais, confeitaria fina e salgados que equilibram sabor e tradi\u00e7\u00e3o. A opera\u00e7\u00e3o, que se inicia nas primeiras horas da madrugada, assegura o frescor dos produtos durante todo o dia.<\/p>\n\n\n<div class=\"wp-block-image\">\n<figure class=\"aligncenter size-large\"><img decoding=\"async\" src=\"https:\/\/lh3.googleusercontent.com\/p\/AF1QipNJR_VyC2hIq0qBHl_n0aGVSiaHVMk1Y2hasHby=s1360-w1360-h1020-rw\" alt=\"Padaria Pingo Doce \"\/><figcaption class=\"wp-element-caption\">Fonte: Padaria Pingo Doce <\/figcaption><\/figure><\/div>\n\n\n<p>A oferta de um buffet de almo\u00e7o di\u00e1rio, servido entre 12h e 15h, amplia a conveni\u00eancia do endere\u00e7o, tornando-o uma solu\u00e7\u00e3o pr\u00e1tica para quem busca qualidade e variedade em um \u00fanico local. <\/p>\n\n\n\n<ul class=\"wp-block-list\">\n<li><strong>Endere\u00e7o:<\/strong> Av. Pav\u00e3o, 465 \u2013 Moema<\/li>\n\n\n\n<li><strong>Telefone: <\/strong>(11) 5533-7574<br><strong>Site:<\/strong> <a href=\"https:\/\/padariapingodoce.com.br\/\" target=\"_blank\" rel=\"noreferrer noopener\">https:\/\/padariapingodoce.com.br\/<\/a><\/li>\n\n\n\n<li><strong>Funcionamento:<\/strong> Domingo, das 6h30 \u00e0s 21h30 l Segunda a s\u00e1bado, das 6h \u00e0s 22h<\/li>\n<\/ul>\n\n\n\n<h2 class=\"wp-block-heading\">3. Boa P\u00e3es Artisan Bakery<\/h2>\n\n\n\n<p>Para os apreciadores de p\u00e3es artesanais, a Boa P\u00e3es Artisan Bakery \u00e9 um dos destaques de Moema. Especializada em p\u00e3es de fermenta\u00e7\u00e3o natural, a padaria combina t\u00e9cnica, tempo e sele\u00e7\u00e3o criteriosa de ingredientes para entregar produtos com sabor marcante, textura equilibrada e qualidade consistente.<\/p>\n\n\n<div class=\"wp-block-image\">\n<figure class=\"aligncenter size-large\"><img decoding=\"async\" src=\"https:\/\/lh3.googleusercontent.com\/p\/AF1QipNJT_w9XtWGRzTI5xTQHR40QnHZHGyvirtzRuz0=s1360-w1360-h1020-rw\" alt=\"Boa P\u00e3es Artisan Bakery no bairro Moema\"\/><figcaption class=\"wp-element-caption\">Fonte: Boa P\u00e3es Artisan Bakery<\/figcaption><\/figure><\/div>\n\n\n<p>Al\u00e9m do dom\u00ednio na produ\u00e7\u00e3o de p\u00e3es artesanais, a padaria expande sua entrega com uma confeitaria sofisticada e op\u00e7\u00f5es de brunch. A proposta da Boa P\u00e3es valoriza o processo manufaturado e a const\u00e2ncia na entrega.<\/p>\n\n\n\n<p><strong>Endere\u00e7o: <\/strong>Alameda dos Jurupis, 421 <br><strong>Telefone:<\/strong> (11) 5052-5302<br><strong>Funcionamento:<\/strong> Ter\u00e7a a sexta, das 7h30 \u00e0s 19h30 l S\u00e1bado e domingo, das 7h30 \u00e0s 14<\/p>\n\n\n\n<h2 class=\"wp-block-heading\">2. Padaria Santa Micaela<\/h2>\n\n\n\n<p>Com mais de 30 anos de hist\u00f3ria, a Padaria Santa Micaela \u00e9 uma op\u00e7\u00e3o tradicional em Moema para quem busca p\u00e3es fresquinhos, doces variados e aquele caf\u00e9 bem servido para come\u00e7ar o dia. Com ambiente agrad\u00e1vel e espa\u00e7o na varanda, \u00e9 um convite para saborear bolos, tortas e lanches caseiros com tranquilidade, seja sozinho ou em boa companhia.<\/p>\n\n\n<div class=\"wp-block-image\">\n<figure class=\"aligncenter size-large\"><img decoding=\"async\" src=\"https:\/\/lh3.googleusercontent.com\/gps-cs-s\/AHVAweqPojviX4qtSrQco50HzFzkneuCTdVudd_CFw9M2xt5qMzWyOiid9onAJZUYWuIVvKGd4-76Ca5vRA4UyVEuc9l4QCC4EpXG-H-5nrxdYstFG6AjTCIZFzWWBVWzNzTKlj5yJs=s1360-w1360-h1020-rw\" alt=\"Produtos da Padaria Santa Micaela em Moema\"\/><figcaption class=\"wp-element-caption\">Fonte: Padaria Santa Micaela<\/figcaption><\/figure><\/div>\n\n\n<p>Reconhecida pela qualidade e variedade, a Santa Micaela atende tanto quem procura um caf\u00e9 da manh\u00e3 mais completo quanto quem precisa de uma pausa r\u00e1pida ao longo do dia. O card\u00e1pio re\u00fane op\u00e7\u00f5es que agradam a diferentes paladares, mantendo o padr\u00e3o de atendimento e frescor que j\u00e1 fazem parte da sua identidade.<\/p>\n\n\n\n<ul class=\"wp-block-list\">\n<li><strong>Endere\u00e7o: <\/strong>Alameda dos Nhambiquaras<\/li>\n\n\n\n<li><strong>Site: <\/strong><a href=\"https:\/\/santamicaela.com.br\/\" target=\"_blank\" rel=\"noreferrer noopener\">https:\/\/santamicaela.com.br\/<\/a><\/li>\n\n\n\n<li><strong>Telefone:<\/strong> (11) 3307-8000<\/li>\n\n\n\n<li><strong>Funcionamento:<\/strong> Todos os dias, das 6h \u00e0s 22h<\/li>\n<\/ul>\n\n\n\n<h2 class=\"wp-block-heading\">1. Coffeely <\/h2>\n\n\n\n<p>A Coffeely \u00e9 uma cafeteria que integra modernidade e agilidade operacional, atendendo com precis\u00e3o \u00e0 din\u00e2mica de Moema. A excel\u00eancia da experi\u00eancia sensorial \u00e9 garantida pela sele\u00e7\u00e3o criteriosa de gr\u00e3os provenientes de regi\u00f5es nobres de Minas Gerais e do Esp\u00edrito Santo. Atrav\u00e9s da parceria com o Caf\u00e9 Meridiano, a unidade entrega um padr\u00e3o de qualidade constante.<\/p>\n\n\n<div class=\"wp-block-image\">\n<figure class=\"aligncenter size-large\"><img decoding=\"async\" src=\"https:\/\/lh3.googleusercontent.com\/p\/AF1QipNd2SHkX0kHlizJcAUaTUgDro2ek8PRFQKZvjPT=s1360-w1360-h1020-rw\" alt=\"Coffeely no bairro Moema\"\/><figcaption class=\"wp-element-caption\">Fonte: Coffeely <\/figcaption><\/figure><\/div>\n\n\n<p>O portf\u00f3lio gastron\u00f4mico complementa essa entrega com op\u00e7\u00f5es que variam de itens de patisserie, como croissants e tortas, a acompanhamentos cl\u00e1ssicos, mantendo o frescor em todas as faixas de hor\u00e1rio.<\/p>\n\n\n\n<p>Al\u00e9m de sua opera\u00e7\u00e3o f\u00edsica, a marca atende o segmento business por meio do Coffeely Break. Este servi\u00e7o exclusivo \u00e9 direcionado ao mercado corporativo, oferecendo infraestrutura gastron\u00f4mica para reuni\u00f5es e eventos empresariais de alto padr\u00e3o. <\/p>\n\n\n\n<p><strong>Endere\u00e7o:<\/strong> Alameda dos Jurupis, 813 <br><strong>Telefone:<\/strong> (11) 91822-5429<br><strong>Site:<\/strong> <a href=\"https:\/\/coffee.coffeely.com\/pt\">https:\/\/coffee.coffeely.com\/pt<\/a><br><strong>Funcionamento:<\/strong> Ter\u00e7a-feira a sexta-feira, das 8h \u00e0s 18h l S\u00e1bado e domingo, das 8h \u00e0s 15h<\/p>\n\n\n\n<h2 class=\"wp-block-heading\">Diversidade e conveni\u00eancia: a valoriza\u00e7\u00e3o da vida a p\u00e9 em Moema<\/h2>\n\n\n\n<p>As padarias de Moema sintetizam o esp\u00edrito do bairro: uma mistura equilibrada entre a tradi\u00e7\u00e3o que atravessa d\u00e9cadas e a inova\u00e7\u00e3o t\u00e9cnica voltada para o consumo consciente. Seja para um caf\u00e9 da manh\u00e3 em fam\u00edlia, um brunch de neg\u00f3cios ou a praticidade de uma parada r\u00e1pida, a regi\u00e3o oferece solu\u00e7\u00f5es de excel\u00eancia que atendem aos mais altos padr\u00f5es de exig\u00eancia.<\/p>\n\n\n\n<p>Viver no bairro \u00e9 ter a certeza de que a conveni\u00eancia caminha lado a lado com a sofistica\u00e7\u00e3o. Se voc\u00ea deseja aprofundar seu conhecimento sobre o que torna este bairro um dos mais desejados de S\u00e3o Paulo, convidamos voc\u00ea a explorar outras <a href=\"https:\/\/www.trisul-sa.com.br\/blog\/moema\/\">atividades, parques e diferenciais de Moema<\/a>.<\/p>\n\n\n\n<h2 class=\"wp-block-heading\">Conhe\u00e7a o privil\u00e9gio de viver em Moema com a Trisul<\/h2>\n\n\n\n<p>Residir em Moema \u00e9 usufruir de um dos endere\u00e7os mais consolidados de S\u00e3o Paulo, onde a infraestrutura completa e o bem-estar definem a din\u00e2mica urbana. Na Trisul, compreendemos que a verdadeira qualidade de vida se concretiza quando a conveni\u00eancia e a seguran\u00e7a do bairro s\u00e3o integradas com precis\u00e3o ao ambiente privado do lar.<\/p>\n\n\n\n<p>Os <a href=\"https:\/\/www.trisul-sa.com.br\/imoveis\/sao-paulo\/moema\">empreendimentos da Trisul<\/a> s\u00e3o pautados pela excel\u00eancia e d\u00e9cadas de atua\u00e7\u00e3o no mercado imobili\u00e1rio paulistano, entregamos projetos que priorizam a funcionalidade inteligente e o rigor arquitet\u00f4nico. Ao retornar para casa, o morador encontra um ambiente planejado para oferecer m\u00e1ximo conforto.. Nossas \u00e1reas de lazer e conviv\u00eancia s\u00e3o estruturadas para garantir experi\u00eancias de alto padr\u00e3o.<\/p>\n\n\n\n<div class=\"wp-block-columns is-layout-flex wp-container-core-columns-is-layout-1 wp-block-columns-is-layout-flex\">\n<div class=\"wp-block-column is-layout-flow wp-block-column-is-layout-flow\">\n<figure class=\"wp-block-image size-large\"><a href=\"https:\/\/www.trisul-sa.com.br\/apartamentos\/sao-paulo\/moema\/granoscar-ibirapuera\"><img decoding=\"async\" src=\"https:\/\/api.trisul-sa.com.br\/cms\/imagens\/GranoscarIbirapuera-266aab9.webp\" alt=\"Granoscar Ibirapuera em Moema\n\"\/><\/a><\/figure>\n<\/div>\n\n\n\n<div class=\"wp-block-column is-layout-flow wp-block-column-is-layout-flow\">\n<figure class=\"wp-block-image size-large\"><a href=\"https:\/\/www.trisul-sa.com.br\/apartamentos\/sao-paulo\/moema\/granoscar-ibirapuera\"><img decoding=\"async\" src=\"https:\/\/api.trisul-sa.com.br\/cms\/imagens\/GranoscarIbirapuera-1463c21.webp\" alt=\"Granoscar Ibirapuera em Moema\"\/><\/a><\/figure>\n<\/div>\n<\/div>\n","protected":false},"excerpt":{"rendered":"<p>Moema \u00e9 reconhecido como um dos bairros que melhor equilibra a infraestrutura consolidada com uma qualidade de vida elevada em S\u00e3o Paulo. Dentro dessa din\u00e2mica urbana, a experi\u00eancia gastron\u00f4mica matinal oferece um ecossistema diversificado, que contempla desde padarias com tradi\u00e7\u00e3o t\u00e9cnica at\u00e9 cafeterias contempor\u00e2neas focadas em gr\u00e3os especiais e processos artesanais. Seja para uma reuni\u00e3o<\/p>\n<div class=\"read-more\"><a href=\"https:\/\/www.trisul-sa.com.br\/blog\/cafe-da-manha-em-moema\/\" title=\"Read More\">Read More<\/a><\/div>\n","protected":false},"author":24,"featured_media":49992,"comment_status":"closed","ping_status":"closed","sticky":false,"template":"","format":"standard","meta":{"_jetpack_newsletter_access":"","_jetpack_dont_email_post_to_subs":false,"_jetpack_newsletter_tier_id":0,"_jetpack_memberships_contains_paywalled_content":false,"_jetpack_memberships_contains_paid_content":false,"footnotes":""},"categories":[4],"tags":[],"class_list":{"0":"post-49991","1":"post","2":"type-post","3":"status-publish","4":"format-standard","5":"has-post-thumbnail","7":"category-conheca-seu-bairro"},"yoast_head":"<!-- This site is optimized with the Yoast SEO plugin v24.6 - https:\/\/yoast.com\/wordpress\/plugins\/seo\/ -->\n<title>Caf\u00e9 da manh\u00e3 em Moema: os 15 melhores endere\u00e7os | Blog da Trisul<\/title>\n<meta name=\"description\" content=\"Descubra 15 endere\u00e7os selecionados para tomar caf\u00e9 da manh\u00e3 em Moema, que unem gastronomia, conveni\u00eancia e a qualidade de vida.\" \/>\n<meta name=\"robots\" content=\"index, follow, max-snippet:-1, max-image-preview:large, max-video-preview:-1\" \/>\n<link rel=\"canonical\" href=\"https:\/\/www.trisul-sa.com.br\/blog\/cafe-da-manha-em-moema\/\" \/>\n<meta property=\"og:locale\" content=\"pt_BR\" \/>\n<meta property=\"og:type\" content=\"article\" \/>\n<meta property=\"og:title\" content=\"Caf\u00e9 da manh\u00e3 em Moema: os 15 melhores endere\u00e7os | Blog da Trisul\" \/>\n<meta property=\"og:description\" content=\"Descubra 15 endere\u00e7os selecionados para tomar caf\u00e9 da manh\u00e3 em Moema, que unem gastronomia, conveni\u00eancia e a qualidade de vida.\" \/>\n<meta property=\"og:url\" content=\"https:\/\/www.trisul-sa.com.br\/blog\/cafe-da-manha-em-moema\/\" \/>\n<meta property=\"og:site_name\" content=\"Blog da Trisul\" \/>\n<meta property=\"article:published_time\" content=\"2026-03-10T11:00:00+00:00\" \/>\n<meta property=\"og:image\" content=\"https:\/\/www.trisul-sa.com.br\/blog\/wp-content\/uploads\/2026\/02\/cafeteria-em-moema.jpg\" \/>\n\t<meta property=\"og:image:width\" content=\"1200\" \/>\n\t<meta property=\"og:image:height\" content=\"854\" \/>\n\t<meta property=\"og:image:type\" content=\"image\/jpeg\" \/>\n<meta name=\"author\" content=\"Reda\u00e7\u00e3o Trisul\" \/>\n<meta name=\"twitter:card\" content=\"summary_large_image\" \/>\n<meta name=\"twitter:label1\" content=\"Escrito por\" \/>\n\t<meta name=\"twitter:data1\" content=\"Reda\u00e7\u00e3o Trisul\" \/>\n\t<meta name=\"twitter:label2\" content=\"Est. tempo de leitura\" \/>\n\t<meta name=\"twitter:data2\" content=\"18 minutos\" \/>\n<script type=\"application\/ld+json\" class=\"yoast-schema-graph\">{\"@context\":\"https:\/\/schema.org\",\"@graph\":[{\"@type\":\"Article\",\"@id\":\"https:\/\/www.trisul-sa.com.br\/blog\/cafe-da-manha-em-moema\/#article\",\"isPartOf\":{\"@id\":\"https:\/\/www.trisul-sa.com.br\/blog\/cafe-da-manha-em-moema\/\"},\"author\":{\"name\":\"Reda\u00e7\u00e3o Trisul\",\"@id\":\"https:\/\/www.trisul-sa.com.br\/blog\/#\/schema\/person\/9628e647185e3cb2d1cb9aeaa4534330\"},\"headline\":\"Caf\u00e9 da manh\u00e3 em Moema: os 15 melhores endere\u00e7os\",\"datePublished\":\"2026-03-10T11:00:00+00:00\",\"mainEntityOfPage\":{\"@id\":\"https:\/\/www.trisul-sa.com.br\/blog\/cafe-da-manha-em-moema\/\"},\"wordCount\":2924,\"publisher\":{\"@id\":\"https:\/\/www.trisul-sa.com.br\/blog\/#organization\"},\"image\":{\"@id\":\"https:\/\/www.trisul-sa.com.br\/blog\/cafe-da-manha-em-moema\/#primaryimage\"},\"thumbnailUrl\":\"https:\/\/www.trisul-sa.com.br\/blog\/wp-content\/uploads\/2026\/02\/cafeteria-em-moema.jpg\",\"articleSection\":[\"Conhe\u00e7a seu Bairro\"],\"inLanguage\":\"pt-BR\"},{\"@type\":\"WebPage\",\"@id\":\"https:\/\/www.trisul-sa.com.br\/blog\/cafe-da-manha-em-moema\/\",\"url\":\"https:\/\/www.trisul-sa.com.br\/blog\/cafe-da-manha-em-moema\/\",\"name\":\"Caf\u00e9 da manh\u00e3 em Moema: os 15 melhores endere\u00e7os | Blog da Trisul\",\"isPartOf\":{\"@id\":\"https:\/\/www.trisul-sa.com.br\/blog\/#website\"},\"primaryImageOfPage\":{\"@id\":\"https:\/\/www.trisul-sa.com.br\/blog\/cafe-da-manha-em-moema\/#primaryimage\"},\"image\":{\"@id\":\"https:\/\/www.trisul-sa.com.br\/blog\/cafe-da-manha-em-moema\/#primaryimage\"},\"thumbnailUrl\":\"https:\/\/www.trisul-sa.com.br\/blog\/wp-content\/uploads\/2026\/02\/cafeteria-em-moema.jpg\",\"datePublished\":\"2026-03-10T11:00:00+00:00\",\"description\":\"Descubra 15 endere\u00e7os selecionados para tomar caf\u00e9 da manh\u00e3 em Moema, que unem gastronomia, conveni\u00eancia e a qualidade de vida.\",\"breadcrumb\":{\"@id\":\"https:\/\/www.trisul-sa.com.br\/blog\/cafe-da-manha-em-moema\/#breadcrumb\"},\"inLanguage\":\"pt-BR\",\"potentialAction\":[{\"@type\":\"ReadAction\",\"target\":[\"https:\/\/www.trisul-sa.com.br\/blog\/cafe-da-manha-em-moema\/\"]}]},{\"@type\":\"ImageObject\",\"inLanguage\":\"pt-BR\",\"@id\":\"https:\/\/www.trisul-sa.com.br\/blog\/cafe-da-manha-em-moema\/#primaryimage\",\"url\":\"https:\/\/www.trisul-sa.com.br\/blog\/wp-content\/uploads\/2026\/02\/cafeteria-em-moema.jpg\",\"contentUrl\":\"https:\/\/www.trisul-sa.com.br\/blog\/wp-content\/uploads\/2026\/02\/cafeteria-em-moema.jpg\",\"width\":1200,\"height\":854,\"caption\":\"Cafeteria no bairro Moema para tomar caf\u00e9 da manh\u00e3\"},{\"@type\":\"BreadcrumbList\",\"@id\":\"https:\/\/www.trisul-sa.com.br\/blog\/cafe-da-manha-em-moema\/#breadcrumb\",\"itemListElement\":[{\"@type\":\"ListItem\",\"position\":1,\"name\":\"In\u00edcio\",\"item\":\"https:\/\/www.trisul-sa.com.br\/blog\/\"},{\"@type\":\"ListItem\",\"position\":2,\"name\":\"Caf\u00e9 da manh\u00e3 em Moema: os 15 melhores endere\u00e7os\"}]},{\"@type\":\"WebSite\",\"@id\":\"https:\/\/www.trisul-sa.com.br\/blog\/#website\",\"url\":\"https:\/\/www.trisul-sa.com.br\/blog\/\",\"name\":\"Blog da Trisul\",\"description\":\"\",\"publisher\":{\"@id\":\"https:\/\/www.trisul-sa.com.br\/blog\/#organization\"},\"potentialAction\":[{\"@type\":\"SearchAction\",\"target\":{\"@type\":\"EntryPoint\",\"urlTemplate\":\"https:\/\/www.trisul-sa.com.br\/blog\/?s={search_term_string}\"},\"query-input\":{\"@type\":\"PropertyValueSpecification\",\"valueRequired\":true,\"valueName\":\"search_term_string\"}}],\"inLanguage\":\"pt-BR\"},{\"@type\":\"Organization\",\"@id\":\"https:\/\/www.trisul-sa.com.br\/blog\/#organization\",\"name\":\"Blog da Trisul\",\"url\":\"https:\/\/www.trisul-sa.com.br\/blog\/\",\"logo\":{\"@type\":\"ImageObject\",\"inLanguage\":\"pt-BR\",\"@id\":\"https:\/\/www.trisul-sa.com.br\/blog\/#\/schema\/logo\/image\/\",\"url\":\"https:\/\/www.trisul-sa.com.br\/blog\/wp-content\/uploads\/2016\/09\/logo-trisul.png\",\"contentUrl\":\"https:\/\/www.trisul-sa.com.br\/blog\/wp-content\/uploads\/2016\/09\/logo-trisul.png\",\"width\":168,\"height\":28,\"caption\":\"Blog da Trisul\"},\"image\":{\"@id\":\"https:\/\/www.trisul-sa.com.br\/blog\/#\/schema\/logo\/image\/\"}},{\"@type\":\"Person\",\"@id\":\"https:\/\/www.trisul-sa.com.br\/blog\/#\/schema\/person\/9628e647185e3cb2d1cb9aeaa4534330\",\"name\":\"Reda\u00e7\u00e3o Trisul\"}]}<\/script>\n<!-- \/ Yoast SEO plugin. -->","yoast_head_json":{"title":"Caf\u00e9 da manh\u00e3 em Moema: os 15 melhores endere\u00e7os | Blog da Trisul","description":"Descubra 15 endere\u00e7os selecionados para tomar caf\u00e9 da manh\u00e3 em Moema, que unem gastronomia, conveni\u00eancia e a qualidade de vida.","robots":{"index":"index","follow":"follow","max-snippet":"max-snippet:-1","max-image-preview":"max-image-preview:large","max-video-preview":"max-video-preview:-1"},"canonical":"https:\/\/www.trisul-sa.com.br\/blog\/cafe-da-manha-em-moema\/","og_locale":"pt_BR","og_type":"article","og_title":"Caf\u00e9 da manh\u00e3 em Moema: os 15 melhores endere\u00e7os | Blog da Trisul","og_description":"Descubra 15 endere\u00e7os selecionados para tomar caf\u00e9 da manh\u00e3 em Moema, que unem gastronomia, conveni\u00eancia e a qualidade de vida.","og_url":"https:\/\/www.trisul-sa.com.br\/blog\/cafe-da-manha-em-moema\/","og_site_name":"Blog da Trisul","article_published_time":"2026-03-10T11:00:00+00:00","og_image":[{"width":1200,"height":854,"url":"https:\/\/www.trisul-sa.com.br\/blog\/wp-content\/uploads\/2026\/02\/cafeteria-em-moema.jpg","type":"image\/jpeg"}],"author":"Reda\u00e7\u00e3o Trisul","twitter_card":"summary_large_image","twitter_misc":{"Escrito por":"Reda\u00e7\u00e3o Trisul","Est. tempo de leitura":"18 minutos"},"schema":{"@context":"https:\/\/schema.org","@graph":[{"@type":"Article","@id":"https:\/\/www.trisul-sa.com.br\/blog\/cafe-da-manha-em-moema\/#article","isPartOf":{"@id":"https:\/\/www.trisul-sa.com.br\/blog\/cafe-da-manha-em-moema\/"},"author":{"name":"Reda\u00e7\u00e3o Trisul","@id":"https:\/\/www.trisul-sa.com.br\/blog\/#\/schema\/person\/9628e647185e3cb2d1cb9aeaa4534330"},"headline":"Caf\u00e9 da manh\u00e3 em Moema: os 15 melhores endere\u00e7os","datePublished":"2026-03-10T11:00:00+00:00","mainEntityOfPage":{"@id":"https:\/\/www.trisul-sa.com.br\/blog\/cafe-da-manha-em-moema\/"},"wordCount":2924,"publisher":{"@id":"https:\/\/www.trisul-sa.com.br\/blog\/#organization"},"image":{"@id":"https:\/\/www.trisul-sa.com.br\/blog\/cafe-da-manha-em-moema\/#primaryimage"},"thumbnailUrl":"https:\/\/www.trisul-sa.com.br\/blog\/wp-content\/uploads\/2026\/02\/cafeteria-em-moema.jpg","articleSection":["Conhe\u00e7a seu Bairro"],"inLanguage":"pt-BR"},{"@type":"WebPage","@id":"https:\/\/www.trisul-sa.com.br\/blog\/cafe-da-manha-em-moema\/","url":"https:\/\/www.trisul-sa.com.br\/blog\/cafe-da-manha-em-moema\/","name":"Caf\u00e9 da manh\u00e3 em Moema: os 15 melhores endere\u00e7os | Blog da Trisul","isPartOf":{"@id":"https:\/\/www.trisul-sa.com.br\/blog\/#website"},"primaryImageOfPage":{"@id":"https:\/\/www.trisul-sa.com.br\/blog\/cafe-da-manha-em-moema\/#primaryimage"},"image":{"@id":"https:\/\/www.trisul-sa.com.br\/blog\/cafe-da-manha-em-moema\/#primaryimage"},"thumbnailUrl":"https:\/\/www.trisul-sa.com.br\/blog\/wp-content\/uploads\/2026\/02\/cafeteria-em-moema.jpg","datePublished":"2026-03-10T11:00:00+00:00","description":"Descubra 15 endere\u00e7os selecionados para tomar caf\u00e9 da manh\u00e3 em Moema, que unem gastronomia, conveni\u00eancia e a qualidade de vida.","breadcrumb":{"@id":"https:\/\/www.trisul-sa.com.br\/blog\/cafe-da-manha-em-moema\/#breadcrumb"},"inLanguage":"pt-BR","potentialAction":[{"@type":"ReadAction","target":["https:\/\/www.trisul-sa.com.br\/blog\/cafe-da-manha-em-moema\/"]}]},{"@type":"ImageObject","inLanguage":"pt-BR","@id":"https:\/\/www.trisul-sa.com.br\/blog\/cafe-da-manha-em-moema\/#primaryimage","url":"https:\/\/www.trisul-sa.com.br\/blog\/wp-content\/uploads\/2026\/02\/cafeteria-em-moema.jpg","contentUrl":"https:\/\/www.trisul-sa.com.br\/blog\/wp-content\/uploads\/2026\/02\/cafeteria-em-moema.jpg","width":1200,"height":854,"caption":"Cafeteria no bairro Moema para tomar caf\u00e9 da manh\u00e3"},{"@type":"BreadcrumbList","@id":"https:\/\/www.trisul-sa.com.br\/blog\/cafe-da-manha-em-moema\/#breadcrumb","itemListElement":[{"@type":"ListItem","position":1,"name":"In\u00edcio","item":"https:\/\/www.trisul-sa.com.br\/blog\/"},{"@type":"ListItem","position":2,"name":"Caf\u00e9 da manh\u00e3 em Moema: os 15 melhores endere\u00e7os"}]},{"@type":"WebSite","@id":"https:\/\/www.trisul-sa.com.br\/blog\/#website","url":"https:\/\/www.trisul-sa.com.br\/blog\/","name":"Blog da Trisul","description":"","publisher":{"@id":"https:\/\/www.trisul-sa.com.br\/blog\/#organization"},"potentialAction":[{"@type":"SearchAction","target":{"@type":"EntryPoint","urlTemplate":"https:\/\/www.trisul-sa.com.br\/blog\/?s={search_term_string}"},"query-input":{"@type":"PropertyValueSpecification","valueRequired":true,"valueName":"search_term_string"}}],"inLanguage":"pt-BR"},{"@type":"Organization","@id":"https:\/\/www.trisul-sa.com.br\/blog\/#organization","name":"Blog da Trisul","url":"https:\/\/www.trisul-sa.com.br\/blog\/","logo":{"@type":"ImageObject","inLanguage":"pt-BR","@id":"https:\/\/www.trisul-sa.com.br\/blog\/#\/schema\/logo\/image\/","url":"https:\/\/www.trisul-sa.com.br\/blog\/wp-content\/uploads\/2016\/09\/logo-trisul.png","contentUrl":"https:\/\/www.trisul-sa.com.br\/blog\/wp-content\/uploads\/2016\/09\/logo-trisul.png","width":168,"height":28,"caption":"Blog da Trisul"},"image":{"@id":"https:\/\/www.trisul-sa.com.br\/blog\/#\/schema\/logo\/image\/"}},{"@type":"Person","@id":"https:\/\/www.trisul-sa.com.br\/blog\/#\/schema\/person\/9628e647185e3cb2d1cb9aeaa4534330","name":"Reda\u00e7\u00e3o Trisul"}]}},"jetpack_featured_media_url":"https:\/\/www.trisul-sa.com.br\/blog\/wp-content\/uploads\/2026\/02\/cafeteria-em-moema.jpg","jetpack_shortlink":"https:\/\/wp.me\/p7OEkz-d0j","jetpack_sharing_enabled":true,"_links":{"self":[{"href":"https:\/\/www.trisul-sa.com.br\/blog\/wp-json\/wp\/v2\/posts\/49991","targetHints":{"allow":["GET"]}}],"collection":[{"href":"https:\/\/www.trisul-sa.com.br\/blog\/wp-json\/wp\/v2\/posts"}],"about":[{"href":"https:\/\/www.trisul-sa.com.br\/blog\/wp-json\/wp\/v2\/types\/post"}],"author":[{"embeddable":true,"href":"https:\/\/www.trisul-sa.com.br\/blog\/wp-json\/wp\/v2\/users\/24"}],"replies":[{"embeddable":true,"href":"https:\/\/www.trisul-sa.com.br\/blog\/wp-json\/wp\/v2\/comments?post=49991"}],"version-history":[{"count":6,"href":"https:\/\/www.trisul-sa.com.br\/blog\/wp-json\/wp\/v2\/posts\/49991\/revisions"}],"predecessor-version":[{"id":50038,"href":"https:\/\/www.trisul-sa.com.br\/blog\/wp-json\/wp\/v2\/posts\/49991\/revisions\/50038"}],"wp:featuredmedia":[{"embeddable":true,"href":"https:\/\/www.trisul-sa.com.br\/blog\/wp-json\/wp\/v2\/media\/49992"}],"wp:attachment":[{"href":"https:\/\/www.trisul-sa.com.br\/blog\/wp-json\/wp\/v2\/media?parent=49991"}],"wp:term":[{"taxonomy":"category","embeddable":true,"href":"https:\/\/www.trisul-sa.com.br\/blog\/wp-json\/wp\/v2\/categories?post=49991"},{"taxonomy":"post_tag","embeddable":true,"href":"https:\/\/www.trisul-sa.com.br\/blog\/wp-json\/wp\/v2\/tags?post=49991"}],"curies":[{"name":"wp","href":"https:\/\/api.w.org\/{rel}","templated":true}]}}