{"id":50053,"date":"2026-03-17T08:00:00","date_gmt":"2026-03-17T11:00:00","guid":{"rendered":"https:\/\/www.trisul-sa.com.br\/blog\/?p=50053"},"modified":"2026-04-18T12:55:06","modified_gmt":"2026-04-18T15:55:06","slug":"escolas-particulares-em-moema","status":"publish","type":"post","link":"https:\/\/www.trisul-sa.com.br\/blog\/escolas-particulares-em-moema\/","title":{"rendered":"15 Escolas particulares de refer\u00eancia em Moema"},"content":{"rendered":"\n<p id=\"p-rc_f8e89bbfaa921b1f-21\">A escolha da institui\u00e7\u00e3o de ensino \u00e9 uma das decis\u00f5es mais estrat\u00e9gicas no planejamento de uma fam\u00edlia. Mais do que um espa\u00e7o de aprendizado, a escola define o ambiente onde valores s\u00e3o consolidados e projetos de vida come\u00e7am a ser estruturados. <\/p>\n\n\n\n<p id=\"p-rc_f8e89bbfaa921b1f-22\">Nesse contexto, o bairro de Moema consolida-se como um dos bairros mais qualificados da Zona Sul de S\u00e3o Paulo, pois oferece um ecossistema educacional de alto padr\u00e3o, com institui\u00e7\u00f5es reconhecidas por metodologias inovadoras e consistente prepara\u00e7\u00e3o acad\u00eamica, desde a educa\u00e7\u00e3o infantil at\u00e9 o ensino m\u00e9dio. Abaixo, apresentamos uma sele\u00e7\u00e3o de 15 escolas mais bem citadas no Google em em Moema e na regi\u00e3o.<\/p>\n\n\n\n<!--more-->\n\n\n\n<h2 class=\"wp-block-heading\">15. Escola M\u00f3bile<\/h2>\n\n\n\n<p>Fundada em 1975, a Escola M\u00f3bile \u00e9 uma refer\u00eancia educacional estrat\u00e9gica no bairro de Moema. Reconhecida pelo elevado padr\u00e3o acad\u00eamico, a escola fundamenta sua trajet\u00f3ria na uni\u00e3o entre profundidade intelectual, inova\u00e7\u00e3o pedag\u00f3gica e uma forma\u00e7\u00e3o humana consistente. <\/p>\n\n\n\n<p>A escola atende \u00e0s diversas etapas da educa\u00e7\u00e3o b\u00e1sica com solu\u00e7\u00f5es que se adaptam ao planejamento das fam\u00edlias:<\/p>\n\n\n\n<ul class=\"wp-block-list\">\n<li>Educa\u00e7\u00e3o Infantil (Programas Regular e Bil\u00edngue);<\/li>\n\n\n\n<li>Ensino Fundamental (Programas Regular e Bil\u00edngue);<\/li>\n\n\n\n<li>Ensino M\u00e9dio.<\/li>\n<\/ul>\n\n\n\n<figure class=\"wp-block-embed is-type-video is-provider-youtube wp-block-embed-youtube wp-embed-aspect-16-9 wp-has-aspect-ratio\"><div class=\"wp-block-embed__wrapper\">\n<iframe loading=\"lazy\" title=\"Manifesto M\u00f3bile | O que move o conhecimento?\" width=\"702\" height=\"395\" src=\"https:\/\/www.youtube.com\/embed\/P9uQaRNDvCo?feature=oembed\" frameborder=\"0\" allow=\"accelerometer; autoplay; clipboard-write; encrypted-media; gyroscope; picture-in-picture; web-share\" referrerpolicy=\"strict-origin-when-cross-origin\" allowfullscreen><\/iframe>\n<\/div><\/figure>\n\n\n\n<p>O Programa Bil\u00edngue \u00e9 um diferencial que amplia a vis\u00e3o global dos estudantes, fortalecendo o repert\u00f3rio cultural e a prontid\u00e3o acad\u00eamica para contextos nacionais e internacionais. Visando a amplia\u00e7\u00e3o da experi\u00eancia escolar e o suporte \u00e0 rotina das fam\u00edlias, a M\u00f3bile oferece um contraturno estruturado para alunos de 2 a 8 anos.<\/p>\n\n\n\n<p>Um dos diferenciais competitivos da M\u00f3bile \u00e9 a personaliza\u00e7\u00e3o da trajet\u00f3ria escolar por meio de cursos opcionais. A diversidade de atividades permite o desenvolvimento de compet\u00eancias espec\u00edficas:<\/p>\n\n\n\n<ul class=\"wp-block-list\">\n<li><strong>Express\u00e3o art\u00edstica:<\/strong> Ballet, Artes C\u00eanicas, Cer\u00e2mica e Viol\u00e3o;<\/li>\n\n\n\n<li><strong>Performance esportiva:<\/strong> Jud\u00f4, Tae Kwon Do, Esgrima e Patina\u00e7\u00e3o;<\/li>\n\n\n\n<li><strong>Tecnologia e inova\u00e7\u00e3o:<\/strong> Programa\u00e7\u00e3o, Oficina Maker e Cultura Digital;<\/li>\n\n\n\n<li><strong>Expans\u00e3o acad\u00eamica:<\/strong> Educa\u00e7\u00e3o Financeira, Escrita Criativa e Matem\u00e1tica Avan\u00e7ada.<\/li>\n<\/ul>\n\n\n\n<p>A partir do 6\u00ba ano, os estudantes s\u00e3o incentivados a participar de iniciativas de alto n\u00edvel, como o TED-Ed Student Talks e o Concurso T\u00e9chne, que estimulam o pensamento cr\u00edtico e o aprofundamento cient\u00edfico. No \u00e2mbito esportivo, a escola mant\u00e9m treinamentos de rendimento em modalidades como handebol e v\u00f4lei, com participa\u00e7\u00e3o expressiva em campeonatos estudantis.<\/p>\n\n\n\n<ul class=\"wp-block-list\">\n<li><strong>Endere\u00e7o: <\/strong>R. Araguari, 167<\/li>\n\n\n\n<li><strong>Telefone:<\/strong> 11 5536-4402<\/li>\n\n\n\n<li><strong>Site:<\/strong> <a href=\"https:\/\/www.escolamobile.com.br\/\" target=\"_blank\" rel=\"noreferrer noopener\">https:\/\/www.escolamobile.com.br\/<\/a><\/li>\n<\/ul>\n\n\n\n<h2 class=\"wp-block-heading\">14. Brazilian International School<\/h2>\n\n\n\n<p>Com 26 anos de experi\u00eancia, o Brazilian International School (BIS) oferece educa\u00e7\u00e3o bil\u00edngue do Ensino Infantil ao Ensino M\u00e9dio\/High School, garantindo flu\u00eancia natural em portugu\u00eas e ingl\u00eas, aliada a uma forma\u00e7\u00e3o acad\u00eamica s\u00f3lida. O col\u00e9gio atende tanto estudantes brasileiros quanto estrangeiros, promovendo um ambiente plural, multicultural e globalizado.<\/p>\n\n\n\n<p>Entre 2019 e 2023, o BIS integrou a Bahema Educa\u00e7\u00e3o, consolidando pr\u00e1ticas pedag\u00f3gicas de alto padr\u00e3o e desenvolvimento de pensamento cr\u00edtico. Desde novembro de 2023, passou a fazer parte do International Schools Partnership (ISP), grupo internacional que investe em inova\u00e7\u00e3o pedag\u00f3gica, interc\u00e2mbio de alunos e educadores e fortalecimento institucional. <\/p>\n\n\n\n<figure class=\"wp-block-embed is-type-video is-provider-youtube wp-block-embed-youtube wp-embed-aspect-16-9 wp-has-aspect-ratio\"><div class=\"wp-block-embed__wrapper\">\n<iframe loading=\"lazy\" title=\"COL\u00c9GIO BIS - MATR\u00cdCULAS 2026\" width=\"702\" height=\"395\" src=\"https:\/\/www.youtube.com\/embed\/_Y8FceZX0xc?feature=oembed\" frameborder=\"0\" allow=\"accelerometer; autoplay; clipboard-write; encrypted-media; gyroscope; picture-in-picture; web-share\" referrerpolicy=\"strict-origin-when-cross-origin\" allowfullscreen><\/iframe>\n<\/div><\/figure>\n\n\n\n<p>Mesmo em um contexto bil\u00edngue, o col\u00e9gio d\u00e1 \u00eanfase \u00e0 valoriza\u00e7\u00e3o da cultura brasileira, integrando elementos culturais ao curr\u00edculo e proporcionando aos alunos um repert\u00f3rio amplo que conecta identidade, tradi\u00e7\u00e3o e cidadania. O BIS oferece forma\u00e7\u00e3o completa em todas as etapas da educa\u00e7\u00e3o b\u00e1sica:<\/p>\n\n\n\n<ul class=\"wp-block-list\">\n<li>Educa\u00e7\u00e3o Infantil<\/li>\n\n\n\n<li>Ensino Fundamental (Anos Iniciais)<\/li>\n\n\n\n<li>Ensino Fundamental (Anos Finais)<\/li>\n\n\n\n<li>Ensino M\u00e9dio \/ High School<\/li>\n<\/ul>\n\n\n\n<p>Com curr\u00edculo bil\u00edngue robusto, \u00eanfase na cultura brasileira e integra\u00e7\u00e3o a uma rede internacional de escolas de alto padr\u00e3o, o Brazilian International School se consolida como uma das melhores op\u00e7\u00f5es para fam\u00edlias que buscam educa\u00e7\u00e3o global, forma\u00e7\u00e3o integral e oportunidades de desenvolvimento \u00fanicas na regi\u00e3o de Moema.<\/p>\n\n\n\n<ul class=\"wp-block-list\">\n<li><strong>Endere\u00e7o: <\/strong>Av. Ira\u00ed, 1330<\/li>\n\n\n\n<li><strong>Telefone:<\/strong> 11 5502-5555<\/li>\n\n\n\n<li><strong>Site:<\/strong> <a href=\"https:\/\/colegiobis.com.br\/\" target=\"_blank\" rel=\"noreferrer noopener\">https:\/\/colegiobis.com.br\/<\/a><\/li>\n<\/ul>\n\n\n\n<h2 class=\"wp-block-heading\">13. Col\u00e9gio Augusto Laranja<\/h2>\n\n\n\n<p>O Col\u00e9gio Augusto Laranja oferece educa\u00e7\u00e3o completa para crian\u00e7as a partir de 1 ano e meio at\u00e9 o Ensino M\u00e9dio, combinando excel\u00eancia acad\u00eamica, aten\u00e7\u00e3o individualizada e forma\u00e7\u00e3o humanista. Com estrutura adequada para cada faixa et\u00e1ria, a institui\u00e7\u00e3o proporciona ambientes motivadores, seguros e pensados para o desenvolvimento integral dos alunos.<\/p>\n\n\n\n<p>A proposta educacional do col\u00e9gio valoriza a aprendizagem din\u00e2mica e significativa, baseada na intera\u00e7\u00e3o do aluno com o outro e com o meio. O ensino \u00e9 estruturado sobre v\u00ednculos afetivos e intelectuais entre alunos e professores, seguindo diretrizes da UNESCO: aprender a conhecer, aprender a fazer, aprender a conviver e aprender a ser, al\u00e9m das normas educacionais brasileiras.<\/p>\n\n\n<div class=\"wp-block-image\">\n<figure class=\"aligncenter size-large\"><img decoding=\"async\" src=\"https:\/\/augustolaranja.com.br\/wp-content\/uploads\/2022\/11\/Layer-11-1.jpg\" alt=\"Fachada do Col\u00e9gio Augusto Laranja em Moema.\"\/><figcaption class=\"wp-element-caption\">Fonte: Col\u00e9gio Augusto Laranja<\/figcaption><\/figure><\/div>\n\n\n<p>O Col\u00e9gio adota metodologias variadas, contemplando o desenvolvimento: Conceitual (o saber), Procedimental (o saber fazer) e Atitudinal (o ser). As etapas de ensino s\u00e3o:<\/p>\n\n\n\n<ul class=\"wp-block-list\">\n<li><strong>Educa\u00e7\u00e3o Infantil<\/strong>: atendimento individualizado e acompanhamento pr\u00f3ximo, com espa\u00e7os exclusivos para cada faixa et\u00e1ria;<\/li>\n\n\n\n<li><strong>Ensino Fundamental I<\/strong>: foco em novas compet\u00eancias, estimulando autonomia e curiosidade;<\/li>\n\n\n\n<li><strong>Ensino Fundamental II<\/strong>: desenvolvimento integrado de habilidades acad\u00eamicas e socioemocionais;<\/li>\n\n\n\n<li><strong>Ensino M\u00e9dio<\/strong>: preparo para escolhas conscientes e seguras em rela\u00e7\u00e3o ao futuro acad\u00eamico e profissional.<\/li>\n<\/ul>\n\n\n\n<p>O col\u00e9gio oferece atividades diversificadas e din\u00e2micas em hor\u00e1rio estendido, com acompanhamento de equipe especializada, promovendo amplia\u00e7\u00e3o da viv\u00eancia escolar e experi\u00eancias complementares ao curr\u00edculo.<\/p>\n\n\n\n<p>Com essa combina\u00e7\u00e3o de estrutura, metodologia e valores, o Col\u00e9gio Augusto Laranja se consolida como uma op\u00e7\u00e3o de refer\u00eancia em Moema para fam\u00edlias que priorizam educa\u00e7\u00e3o de qualidade, forma\u00e7\u00e3o integral e desenvolvimento humano desde os primeiros anos at\u00e9 o Ensino M\u00e9dio.<\/p>\n\n\n\n<ul class=\"wp-block-list\">\n<li><strong>Endere\u00e7o: <\/strong>Rua dos Chan\u00e9s, 205<\/li>\n\n\n\n<li><strong>Telefone:<\/strong> (11) 2113-0700<\/li>\n\n\n\n<li><strong>Site:<\/strong> <a href=\"https:\/\/augustolaranja.com.br\/\" target=\"_blank\" rel=\"noreferrer noopener\">https:\/\/augustolaranja.com.br\/<\/a><\/li>\n<\/ul>\n\n\n\n<h2 class=\"wp-block-heading\">12. GIS &#8211; The International School of S\u00e3o Paulo<\/h2>\n\n\n\n<p>A GIS \u2013 Group of International Schools oferece uma proposta educacional de alto padr\u00e3o, atendendo a uma comunidade composta por mais de 26 nacionalidades. A institui\u00e7\u00e3o harmoniza o rigor acad\u00eamico com uma forma\u00e7\u00e3o humanista.<\/p>\n\n\n\n<p>Abordagem Pedag\u00f3gica e Curr\u00edculo IB A GIS adota o prestigiado programa <em>International Baccalaureate<\/em> (IB), reconhecido mundialmente por formar estudantes resilientes e conscientes de sua atua\u00e7\u00e3o global. A metodologia da institui\u00e7\u00e3o diferencia-se pela integra\u00e7\u00e3o de pilares estrat\u00e9gicos:<\/p>\n\n\n\n<figure class=\"wp-block-embed is-type-video is-provider-youtube wp-block-embed-youtube wp-embed-aspect-16-9 wp-has-aspect-ratio\"><div class=\"wp-block-embed__wrapper\">\n<iframe loading=\"lazy\" title=\"Bem-vindo \u00e0 GIS SPThe International School of S\u00e3o Paulo\" width=\"702\" height=\"395\" src=\"https:\/\/www.youtube.com\/embed\/zPpFTVik3Jk?feature=oembed\" frameborder=\"0\" allow=\"accelerometer; autoplay; clipboard-write; encrypted-media; gyroscope; picture-in-picture; web-share\" referrerpolicy=\"strict-origin-when-cross-origin\" allowfullscreen><\/iframe>\n<\/div><\/figure>\n\n\n\n<ul class=\"wp-block-list\">\n<li><strong>Investiga\u00e7\u00e3o e Criatividade:<\/strong> Combina a abordagem Reggio Emilia ao curr\u00edculo IB, estimulando o pensamento cr\u00edtico e a excel\u00eancia acad\u00eamica desde a base.<\/li>\n\n\n\n<li><strong>Personaliza\u00e7\u00e3o do Ensino:<\/strong> O aprendizado \u00e9 pautado pela escuta ativa e por ambientes que fortalecem a seguran\u00e7a emocional e os v\u00ednculos genu\u00ednos entre educadores e alunos.<\/li>\n\n\n\n<li><strong>Multilinguismo e Cultura:<\/strong> Promove o di\u00e1logo intercultural precoce, valorizando a diversidade e a constru\u00e7\u00e3o de uma identidade global s\u00f3lida.<\/li>\n\n\n\n<li><strong>Tecnologia Aplicada:<\/strong> Os recursos tecnol\u00f3gicos s\u00e3o utilizados como ferramentas de investiga\u00e7\u00e3o e cria\u00e7\u00e3o, incentivando a autonomia na constru\u00e7\u00e3o do conhecimento.<\/li>\n<\/ul>\n\n\n\n<p>O programa da GIS abrange as etapas fundamentais do desenvolvimento, o Educa\u00e7\u00e3o Infantil e o Ensino Fundamental.<\/p>\n\n\n\n<p>Para fam\u00edlias que priorizam uma educa\u00e7\u00e3o personalizada e uma imers\u00e3o cultural aut\u00eantica, a GIS representa uma escolha estrat\u00e9gica em S\u00e3o Paulo, unindo a tradi\u00e7\u00e3o su\u00ed\u00e7a de precis\u00e3o educacional \u00e0 vanguarda das metodologias internacionais.<\/p>\n\n\n\n<ul class=\"wp-block-list\">\n<li><strong>Endere\u00e7o: <\/strong>Alameda dos Jurupis, 485<\/li>\n\n\n\n<li><strong>Telefone:<\/strong> (11) 93027-5746<\/li>\n\n\n\n<li><strong>Site:<\/strong> <a href=\"https:\/\/www.gissaopaulo.com.br\/\" target=\"_blank\" rel=\"noreferrer noopener\">https:\/\/www.gissaopaulo.com.br\/<\/a><\/li>\n<\/ul>\n\n\n\n<h2 class=\"wp-block-heading\">11. Col\u00e9gio \u00cdtalo<\/h2>\n\n\n\n<p>Com mais de 70 anos de experi\u00eancia, o Col\u00e9gio \u00cdtalo tem como miss\u00e3o transformar a educa\u00e7\u00e3o brasileira por meio da qualidade, inova\u00e7\u00e3o e forma\u00e7\u00e3o integral de seus alunos. A escola oferece Educa\u00e7\u00e3o Infantil, Ensino Fundamental I e II, Ensino M\u00e9dio, Global Program e diversas atividades extracurriculares.<\/p>\n\n\n\n<p>Na Educa\u00e7\u00e3o Infantil, os alunos t\u00eam contato di\u00e1rio com o ingl\u00eas e participam de atividades l\u00fadicas que estimulam o desenvolvimento social, emocional e f\u00edsico. O programa inclui as classes Mini-Toddler, Toddler, Nursery, Pre-Kindergarten e Kindergarten, com aulas de yoga e outras pr\u00e1ticas motoras.<\/p>\n\n\n\n<p>O Ensino Fundamental I (1\u00ba ao 6\u00ba ano) foca na constru\u00e7\u00e3o de habilidades acad\u00eamicas, resolu\u00e7\u00e3o de problemas e engajamento positivo com o aprendizado. J\u00e1 o Ensino Fundamental II (6\u00ba ao 9\u00ba ano) aprofunda o conhecimento, amplia vocabul\u00e1rio e explora novas formas gramaticais, integrando conte\u00fados acad\u00eamicos com projetos culturais, esportivos e art\u00edsticos.<\/p>\n\n\n\n<figure class=\"wp-block-embed is-type-video is-provider-youtube wp-block-embed-youtube wp-embed-aspect-16-9 wp-has-aspect-ratio\"><div class=\"wp-block-embed__wrapper\">\n<iframe loading=\"lazy\" title=\"Col\u00e9gio \u00cdtalo: Tradi\u00e7\u00e3o que inova, Educa\u00e7\u00e3o que transforma!\" width=\"702\" height=\"395\" src=\"https:\/\/www.youtube.com\/embed\/hPuU-xeCIKI?feature=oembed\" frameborder=\"0\" allow=\"accelerometer; autoplay; clipboard-write; encrypted-media; gyroscope; picture-in-picture; web-share\" referrerpolicy=\"strict-origin-when-cross-origin\" allowfullscreen><\/iframe>\n<\/div><\/figure>\n\n\n\n<p>O Global Program Internacional oferece curr\u00edculo bil\u00edngue e americano, com mat\u00e9rias como Language Arts, Social Studies e Science, promovendo cidadania global, flu\u00eancia em ingl\u00eas e aprendizado interdisciplinar. Os alunos tamb\u00e9m participam de experi\u00eancias pr\u00e1ticas, culin\u00e1ria cultural e atividades Maker.<\/p>\n\n\n\n<p>Al\u00e9m disso, o Col\u00e9gio \u00cdtalo realiza projetos como Semente Liter\u00e1ria, Hackathon Educacional, Miss\u00e3o ao Vale do Sil\u00edcio e parcerias como o NBA Basketball School. O col\u00e9gio tamb\u00e9m oferece aulas de ingl\u00eas, italiano e espanhol, integra\u00e7\u00e3o tecnol\u00f3gica, gamifica\u00e7\u00e3o, esportes e atividades art\u00edstica.<\/p>\n\n\n\n<p>Com essa abordagem, o Col\u00e9gio \u00cdtalo se consolida como refer\u00eancia em S\u00e3o Paulo para fam\u00edlias que buscam educa\u00e7\u00e3o bil\u00edngue de excel\u00eancia, forma\u00e7\u00e3o integral e experi\u00eancias globais desde a Educa\u00e7\u00e3o Infantil at\u00e9 o Ensino M\u00e9dio.<\/p>\n\n\n\n<ul class=\"wp-block-list\">\n<li><strong>Endere\u00e7o: <\/strong>Alameda dos Nhambiquaras, 1066<\/li>\n\n\n\n<li><strong>Telefone:<\/strong> (11) 5053 &#8211; 2988<\/li>\n\n\n\n<li><strong>Site:<\/strong> <a href=\"https:\/\/www.colegioitalo.com.br\/\" target=\"_blank\" rel=\"noreferrer noopener\">https:\/\/www.colegioitalo.com.br\/<\/a><\/li>\n<\/ul>\n\n\n\n<h2 class=\"wp-block-heading\">10. CEB \u2013 Col\u00e9gio e Ber\u00e7\u00e1rio<\/h2>\n\n\n\n<p>Fundado em 28 de outubro de 1972, o CEB \u2013 Col\u00e9gio e Ber\u00e7\u00e1rio nasceu em Moema como um espa\u00e7o seguro e afetivo para crian\u00e7as pequenas, pensado para acompanhar as transforma\u00e7\u00f5es sociais da \u00e9poca e apoiar fam\u00edlias com filhos em idade pr\u00e9-escolar. <\/p>\n\n\n\n<p>Hoje, a escola mant\u00e9m sua tradi\u00e7\u00e3o de mais de 50 anos, oferecendo ensino de Ber\u00e7\u00e1rio e Educa\u00e7\u00e3o Infantil (0 a 5 anos) e Ensino Fundamental (1\u00ba ao 9\u00ba ano), com uma equipe de cerca de 140 profissionais em constante forma\u00e7\u00e3o.<\/p>\n\n\n\n<p>A escola investe em projetos multiet\u00e1rios que estimulam comunica\u00e7\u00e3o, colabora\u00e7\u00e3o e compet\u00eancias socioemocionais, integrando conte\u00fados acad\u00eamicos, culturais e art\u00edsticos. As turmas pequenas permitem acompanhamento individualizado, enquanto os projetos pedag\u00f3gicos, esportivos e culturais ajudam a ampliar o repert\u00f3rio e o universo sociocultural dos alunos.<\/p>\n\n\n\n<figure class=\"wp-block-embed is-type-video is-provider-youtube wp-block-embed-youtube wp-embed-aspect-16-9 wp-has-aspect-ratio\"><div class=\"wp-block-embed__wrapper\">\n<iframe loading=\"lazy\" title=\"0 a 3 Anos de Idade | Recepc\u0327a\u0303o das Crian\u00e7as e Ambienta\u00e7\u00e3o\" width=\"702\" height=\"395\" src=\"https:\/\/www.youtube.com\/embed\/zz6VOrfHL1A?feature=oembed\" frameborder=\"0\" allow=\"accelerometer; autoplay; clipboard-write; encrypted-media; gyroscope; picture-in-picture; web-share\" referrerpolicy=\"strict-origin-when-cross-origin\" allowfullscreen><\/iframe>\n<\/div><\/figure>\n\n\n\n<p>O CEB tamb\u00e9m valoriza o brincar e o direito \u00e0 inf\u00e2ncia, oferecendo atividades livres e dirigidas, com aten\u00e7\u00e3o aos h\u00e1bitos de higiene, sa\u00fade, disciplina e autoconhecimento. O uso do uniforme \u00e9 flex\u00edvel, exigido apenas em situa\u00e7\u00f5es espec\u00edficas, como aulas pr\u00e1ticas, eventos ou sa\u00eddas pedag\u00f3gicas.<\/p>\n\n\n\n<p>O curr\u00edculo inclui ensino de ingl\u00eas desde a Educa\u00e7\u00e3o Infantil, bem como disciplinas e pr\u00e1ticas voltadas a sa\u00fade, emo\u00e7\u00f5es e bem-estar, cultura e sociedade, economia e produtividade, al\u00e9m de experi\u00eancias educativas fora da sala de aula.<\/p>\n\n\n\n<p>Com essa combina\u00e7\u00e3o de tradi\u00e7\u00e3o, cuidado e inova\u00e7\u00e3o, o CEB se posiciona como uma refer\u00eancia em Moema para fam\u00edlias que buscam uma educa\u00e7\u00e3o completa, segura e voltada para o desenvolvimento integral de crian\u00e7as.<\/p>\n\n\n\n<ul class=\"wp-block-list\">\n<li><strong>Endere\u00e7o: <\/strong>Alameda dos Tupiniquins, 997<\/li>\n\n\n\n<li><strong>Telefone:<\/strong> (11) 5095-1788<\/li>\n\n\n\n<li><strong>Site:<\/strong> <a href=\"https:\/\/escolaceb.com.br\/\" target=\"_blank\" rel=\"noreferrer noopener\">https:\/\/escolaceb.com.br\/<\/a><\/li>\n<\/ul>\n\n\n\n<h2 class=\"wp-block-heading\">9. CONSA &#8211; Col\u00e9gio Franciscano Nossa Senhora Aparecida<\/h2>\n\n\n\n<p>O Col\u00e9gio Franciscano Nossa Senhora Aparecida, carinhosamente conhecido como Consa, integra a hist\u00f3ria de Moema e bairros vizinhos desde 1937. Atua com Educa\u00e7\u00e3o Infantil, Ensino Fundamental, Ensino M\u00e9dio e Programa Bil\u00edngue.<\/p>\n\n\n\n<p>A proposta pedag\u00f3gica \u00e9 orientada para a constru\u00e7\u00e3o do conhecimento e para o desenvolvimento de estudantes protagonistas, capazes de atuar como agentes de transforma\u00e7\u00e3o social. Essa vis\u00e3o se apoia nos princ\u00edpios da alteridade, da autonomia e da pesquisa, estruturados no Sistema Educacional Franciscano (SEFRAN), que alia tradi\u00e7\u00e3o, valores franciscanos e pesquisas contempor\u00e2neas em Educa\u00e7\u00e3o e Tecnologia.<\/p>\n\n\n<div class=\"wp-block-image\">\n<figure class=\"aligncenter size-large\"><img decoding=\"async\" src=\"https:\/\/www.consa.com.br\/storage\/imagens\/blog\/o-presente-em-dialogo-com-o-passado-1720709342.jpg\" alt=\"P\u00e1tio do CONSA - Col\u00e9gio Franciscano Nossa Senhora Aparecida em Moema.\"\/><figcaption class=\"wp-element-caption\">Fonte: CONSA<\/figcaption><\/figure><\/div>\n\n\n<p>Ele tamb\u00e9m investe em tecnologia educacional, oferecendo ambientes digitais seguros e colaborativos, e promove a\u00e7\u00f5es solid\u00e1rias que refor\u00e7am valores como responsabilidade, empatia e compromisso social. A Pastoral, inspirada na tradi\u00e7\u00e3o franciscana, complementa essa forma\u00e7\u00e3o ao criar espa\u00e7os de reflex\u00e3o, partilha e fortalecimento de v\u00ednculos entre estudantes, fam\u00edlias e educadores.<\/p>\n\n\n\n<p>Com mais de oito d\u00e9cadas de atua\u00e7\u00e3o, o Consa mant\u00e9m seu compromisso com a excel\u00eancia acad\u00eamica e com uma forma\u00e7\u00e3o integral, que une tradi\u00e7\u00e3o, inova\u00e7\u00e3o e valores humanistas.<br><\/p>\n\n\n\n<ul class=\"wp-block-list\">\n<li><strong>Endere\u00e7o: <\/strong>Alameda Jauaperi, 416<\/li>\n\n\n\n<li><strong>Telefone:<\/strong> (11) 5054-4399<\/li>\n\n\n\n<li><strong>Site:<\/strong> <a href=\"https:\/\/www.consa.com.br\/\" target=\"_blank\" rel=\"noreferrer noopener\">https:\/\/www.consa.com.br\/<\/a><\/li>\n<\/ul>\n\n\n\n<h2 class=\"wp-block-heading\">8. Col\u00e9gio Bil\u00edngue Brasil Canad\u00e1 <\/h2>\n\n\n\n<p>Com mais de 21 anos de atua\u00e7\u00e3o, o Col\u00e9gio Bil\u00edngue Brasil Canad\u00e1 consolida-se como uma escola genuinamente bil\u00edngue em Moema, com foco no desenvolvimento integral dos alunos e no acolhimento das fam\u00edlias. <\/p>\n\n\n\n<p>A proposta bil\u00edngue \u00e9 um dos grandes diferenciais da escola. Considerada entre as mais consistentes do mercado, \u00e9 sustentada por material did\u00e1tico pr\u00f3prio e alinhada \u00e0s exig\u00eancias da BNCC (Base Nacional Comum Curricular) e \u00e0s diretrizes do Minist\u00e9rio da Educa\u00e7\u00e3o para escolas bil\u00edngues. O ingl\u00eas n\u00e3o \u00e9 tratado apenas como disciplina, mas como ferramenta de aprendizagem e de desenvolvimento cognitivo, social e emocional, presente de forma estruturada no cotidiano escolar.<\/p>\n\n\n\n<p>Da Educa\u00e7\u00e3o Infantil ao Ensino Fundamental I e II, a metodologia privilegia projetos interdisciplinares, atividades l\u00fadicas, rodas de conversa e conta\u00e7\u00e3o de hist\u00f3rias em ingl\u00eas. A escola trabalha a estrutura\u00e7\u00e3o do racioc\u00ednio, a elabora\u00e7\u00e3o do pensamento e a constru\u00e7\u00e3o da autonomia.<\/p>\n\n\n<div class=\"wp-block-image\">\n<figure class=\"aligncenter size-large\"><img decoding=\"async\" src=\"https:\/\/colegiobrasilcanada.com.br\/wp-content\/uploads\/2023\/06\/Fotos-Blog-Santana-34.png\" alt=\"Sala de aula do Col\u00e9gio Bil\u00edngue Brasil Canad\u00e1 da unidade Moema.\"\/><figcaption class=\"wp-element-caption\">Fonte:  Col\u00e9gio Bil\u00edngue Brasil Canad\u00e1 <\/figcaption><\/figure><\/div>\n\n\n<p>A gest\u00e3o participativa tamb\u00e9m \u00e9 um elemento central na cultura da institui\u00e7\u00e3o. A parceria entre escola e fam\u00edlia \u00e9 valorizada como parte essencial do processo educativo, fortalecendo v\u00ednculos e garantindo uma forma\u00e7\u00e3o coerente entre os diferentes contextos de conviv\u00eancia da crian\u00e7a e do adolescente.<\/p>\n\n\n\n<p>Nesse sentido, a coordena\u00e7\u00e3o pedag\u00f3gica atua de maneira pr\u00f3xima e personalizada, mantendo di\u00e1logo constante com pais, alunos e equipe escolar. Com escuta ativa e disponibilidade para orienta\u00e7\u00f5es pedag\u00f3gicas e socioemocionais, o col\u00e9gio refor\u00e7a seu compromisso com uma educa\u00e7\u00e3o de qualidade, pautada no cuidado individual e na excel\u00eancia acad\u00eamica.<\/p>\n\n\n\n<ul class=\"wp-block-list\">\n<li><strong>Endere\u00e7o: <\/strong>Alameda dos Tupiniquins, 765<\/li>\n\n\n\n<li><strong>Telefone:<\/strong> (11) 5542-7997<\/li>\n\n\n\n<li><strong>Site:<\/strong> <a href=\"https:\/\/colegiobrasilcanada.com.br\/moema-sp\/\" target=\"_blank\" rel=\"noreferrer noopener\">https:\/\/colegiobrasilcanada.com.br<\/a><\/li>\n<\/ul>\n\n\n\n<h2 class=\"wp-block-heading\">7. TTWICE<\/h2>\n\n\n\n<p>Especialista em primeira inf\u00e2ncia, a Escola TTWICE \u00e9 reconhecida por sua proposta intimista, humanista e bil\u00edngue. Presente em Moema desde 2001, a institui\u00e7\u00e3o tornou-se uma das pioneiras na introdu\u00e7\u00e3o do ingl\u00eas desde os primeiros anos de vida.<\/p>\n\n\n\n<p>Com base na concep\u00e7\u00e3o sociointeracionista, a TTWICE entende a crian\u00e7a como sujeito ativo do pr\u00f3prio aprendizado. As experi\u00eancias individuais e coletivas s\u00e3o estruturadas para que o conhecimento seja constru\u00eddo de forma significativa, respeitando o tempo, as potencialidades e as singularidades de cada aluno. O foco vai al\u00e9m do desenvolvimento cognitivo, contemplando tamb\u00e9m as dimens\u00f5es emocionais e sociais, fundamentais para a forma\u00e7\u00e3o de indiv\u00edduos conscientes, aut\u00f4nomos e solid\u00e1rios.<\/p>\n\n\n\n<p> Nesse contexto, o ensino bil\u00edngue \u00e9 integrado \u00e0 rotina de maneira natural e imersiva. O ingl\u00eas \u00e9 utilizado como l\u00edngua de comunica\u00e7\u00e3o em sala de aula, permitindo que as crian\u00e7as construam simultaneamente dois sistemas lingu\u00edsticos, sem preju\u00edzo da consolida\u00e7\u00e3o da l\u00edngua portuguesa, especialmente no processo de alfabetiza\u00e7\u00e3o.<\/p>\n\n\n<div class=\"wp-block-image\">\n<figure class=\"aligncenter size-large\"><img decoding=\"async\" src=\"https:\/\/ttwice.com.br\/wp-content\/uploads\/2022\/12\/TTWICE2022-30.png\" alt=\"\"\/><figcaption class=\"wp-element-caption\">Fonte: TTWICE <\/figcaption><\/figure><\/div>\n\n\n<p>A proposta de per\u00edodo integral amplia essa experi\u00eancia educacional, oferecendo atividades que favorecem o desenvolvimento socioemocional, cognitivo e motor. Modalidades como Jud\u00f4, Ballet, M\u00fasica, Corpo e Movimento e viv\u00eancias em ingl\u00eas integram o calend\u00e1rio escolar.<\/p>\n\n\n\n<p>Ao consolidar uma proposta acolhedora e pedagogicamente consistente, a TTWICE se destaca em Moema como uma escola voltada ao futuro, que planta as bases para um percurso acad\u00eamico s\u00f3lido desde a primeira inf\u00e2ncia.<\/p>\n\n\n\n<ul class=\"wp-block-list\">\n<li><strong>Endere\u00e7o: <\/strong>Rua Can\u00e1rio, 762&nbsp;<\/li>\n\n\n\n<li><strong>Telefone:<\/strong> 11 5051-1338<\/li>\n\n\n\n<li><strong>Site:<\/strong> <a href=\"https:\/\/ttwice.com.br\/\" target=\"_blank\" rel=\"noreferrer noopener\">https:\/\/ttwice.com.br\/<\/a><\/li>\n<\/ul>\n\n\n\n<h2 class=\"wp-block-heading\">6. CAMB &#8211; Escola Caminho Aberto<\/h2>\n\n\n\n<p>Fundado em 1979, o CAMB construiu sua trajet\u00f3ria no bairro de Moema com uma proposta pedag\u00f3gica que valoriza o protagonismo do estudante e a constru\u00e7\u00e3o de um conhecimento com sentido e aplicabilidade. <\/p>\n\n\n\n<p>Ao longo de d\u00e9cadas, a escola consolidou uma cultura educacional pautada no respeito ao tempo individual de aprendizagem, na valoriza\u00e7\u00e3o das aptid\u00f5es e no desenvolvimento de compet\u00eancias acad\u00eamicas e socioemocionais.<\/p>\n\n\n\n<p>A institui\u00e7\u00e3o oferece Educa\u00e7\u00e3o Infantil, Ensino Fundamental \u2013 Anos Iniciais (1\u00ba ao 5\u00ba ano) e Ensino Fundamental \u2013 Anos Finais (6\u00ba ao 9\u00ba ano), organizando cada etapa de forma integrada e coerente com o desenvolvimento de crian\u00e7as e adolescentes.<\/p>\n\n\n\n<figure class=\"wp-block-embed is-type-video is-provider-youtube wp-block-embed-youtube wp-embed-aspect-16-9 wp-has-aspect-ratio\"><div class=\"wp-block-embed__wrapper\">\n<iframe loading=\"lazy\" title=\"Um tour pelo CAMB!\" width=\"702\" height=\"395\" src=\"https:\/\/www.youtube.com\/embed\/YuSoQgYpd8c?feature=oembed\" frameborder=\"0\" allow=\"accelerometer; autoplay; clipboard-write; encrypted-media; gyroscope; picture-in-picture; web-share\" referrerpolicy=\"strict-origin-when-cross-origin\" allowfullscreen><\/iframe>\n<\/div><\/figure>\n\n\n\n<p>Al\u00e9m do curr\u00edculo regular, o CAMB disponibiliza curso de imers\u00e3o em l\u00edngua inglesa no contraturno, com seis horas semanais, promovendo viv\u00eancia contextualizada do idioma. Tamb\u00e9m oferece extens\u00e3o do per\u00edodo escolar com projetos multiculturais, pr\u00e1ticas esportivas, oficinas art\u00edsticas e atividades recreativas, ampliando as experi\u00eancias formativas dos alunos.<\/p>\n\n\n\n<p>Sua concep\u00e7\u00e3o de aprendizagem parte do princ\u00edpio de que o conhecimento precisa dialogar com a realidade do estudante, estimulando reflex\u00e3o cr\u00edtica, curiosidade intelectual e autonomia. A escola integra tecnologias digitais ao processo educativo, valoriza a diversidade cultural e promove um ambiente colaborativo, din\u00e2mico e cooperativo, alinhado \u00e0s demandas contempor\u00e2neas da educa\u00e7\u00e3o.<\/p>\n\n\n\n<ul class=\"wp-block-list\">\n<li><strong>Endere\u00e7o: &nbsp;<\/strong>R. Maur\u00edcio Francisco Klabin, 307<\/li>\n\n\n\n<li><strong>Telefone:<\/strong> (11) 5575-8898<\/li>\n\n\n\n<li><strong>Site:<\/strong> <a href=\"https:\/\/escolacamb.com.br\/\" target=\"_blank\" rel=\"noreferrer noopener\">https:\/\/escolacamb.com.br\/<\/a><\/li>\n<\/ul>\n\n\n\n<h2 class=\"wp-block-heading\">5. Escola Waldorf S\u00e3o Paulo<\/h2>\n\n\n\n<p>A Escola Waldorf S\u00e3o Paulo \u00e9 fundamentada na Antroposofia, termo de origem grega que significa \u201csabedoria humana\u201d. Criada por Rudolf Steiner, essa abordagem educacional prop\u00f5e uma forma\u00e7\u00e3o integral, que considera o desenvolvimento cognitivo, emocional e pr\u00e1tico de crian\u00e7as e jovens.<\/p>\n\n\n\n<p>Seu principal objetivo \u00e9 favorecer o crescimento equilibrado da personalidade, estimulando clareza de racioc\u00ednio, equil\u00edbrio emocional e iniciativa para a a\u00e7\u00e3o. A proposta pedag\u00f3gica valoriza a criatividade, nutre a imagina\u00e7\u00e3o e incentiva a constru\u00e7\u00e3o de um pensamento livre e aut\u00f4nomo, preparando o estudante para atuar com responsabilidade e consci\u00eancia no mundo contempor\u00e2neo.<\/p>\n\n\n<div class=\"wp-block-image\">\n<figure class=\"aligncenter size-large\"><img decoding=\"async\" src=\"https:\/\/lh3.googleusercontent.com\/gps-cs-s\/AHVAwepij3a-EJPKXo5qLIrx01KJzyqsvpXPx89gF3EbLmmOHDfGq3JnJJKrSU_BYbyZE8A5kInC9k_0yy0IDsM-2zJqWJlOr1_1PuAX27GK1T9c4_O4TxFa2k_hmipzX930YXxf5G3vkw=s1360-w1360-h1020-rw\" alt=\"Aula da Escola Waldorf S\u00e3o Paulo em Moema.\"\/><figcaption class=\"wp-element-caption\">Fonte: Escola Waldorf S\u00e3o Paulo<\/figcaption><\/figure><\/div>\n\n\n<p>Com um curr\u00edculo estruturado para acompanhar as diferentes fases do desenvolvimento, a Pedagogia Waldorf est\u00e1 presente na Educa\u00e7\u00e3o Infantil, no Ensino Fundamental e no Ensino M\u00e9dio, promovendo uma aprendizagem que integra conhecimento acad\u00eamico, express\u00e3o art\u00edstica e viv\u00eancias pr\u00e1ticas.<\/p>\n\n\n\n<ul class=\"wp-block-list\">\n<li><strong>Endere\u00e7o: &nbsp;<\/strong>Rua Baluarte, 111<\/li>\n\n\n\n<li><strong>Telefone:<\/strong> 11 3044-2000<\/li>\n\n\n\n<li><strong>Site:<\/strong> <a href=\"https:\/\/www.waldorf.com.br\/\" target=\"_blank\" rel=\"noreferrer noopener\">https:\/\/www.waldorf.com.br\/<\/a><\/li>\n<\/ul>\n\n\n\n<h2 class=\"wp-block-heading\">4. Col\u00e9gio Criativa<\/h2>\n\n\n\n<p>O Col\u00e9gio Criativa fundamenta sua proposta pedag\u00f3gica no m\u00e9todo Montessori, compreendendo que a escolha da escola deve estar alinhada \u00e0s expectativas e aos valores de cada fam\u00edlia. A institui\u00e7\u00e3o entende que resultados consistentes na forma\u00e7\u00e3o dos estudantes acontecem a partir da integra\u00e7\u00e3o entre escola e respons\u00e1veis, em um processo transparente e colaborativo.<\/p>\n\n\n\n<p>Na filosofia educacional da escola, aprender significa desenvolver habilidades, adquirir autonomia intelectual e construir a capacidade de buscar solu\u00e7\u00f5es para problemas reais. Inspirado na abordagem de Maria Montessori, o m\u00e9todo valoriza a forma\u00e7\u00e3o de h\u00e1bitos de estudo, a organiza\u00e7\u00e3o do pensamento e o est\u00edmulo constante \u00e0 curiosidade e \u00e0 atualiza\u00e7\u00e3o do conhecimento.<\/p>\n\n\n\n<p>O Col\u00e9gio Criativa oferece Educa\u00e7\u00e3o Infantil, Ensino Fundamental e Ensino M\u00e9dio, com op\u00e7\u00f5es de meio per\u00edodo e per\u00edodo integral. O sistema integral amplia as experi\u00eancias sociais e acad\u00eamicas dos alunos, favorecendo o amadurecimento emocional, a autonomia e a consolida\u00e7\u00e3o de h\u00e1bitos escolares.<\/p>\n\n\n<div class=\"wp-block-image\">\n<figure class=\"aligncenter size-large\"><img decoding=\"async\" src=\"https:\/\/lh3.googleusercontent.com\/p\/AF1QipOWzw_h_PhlcIw5UW26anGweS_pncYm4D7xswlR=s1360-w1360-h1020-rw\" alt=\"Col\u00e9gio Criativa no bairro Moema.\"\/><figcaption class=\"wp-element-caption\">Fonte: Col\u00e9gio Criativa<\/figcaption><\/figure><\/div>\n\n\n<p>A infraestrutura inclui espa\u00e7o gourmet com alimenta\u00e7\u00e3o saud\u00e1vel e balanceada, ambiente de conviv\u00eancia para momentos de integra\u00e7\u00e3o e relaxamento, al\u00e9m de espa\u00e7o multifuncional destinado a atividades l\u00fadicas, leitura e jogos. A escola tamb\u00e9m disponibiliza atividades extracurriculares, como rob\u00f3tica, jud\u00f4, modalidades esportivas, dan\u00e7a, teatro, viol\u00e3o, canto e ingl\u00eas, conforme a forma\u00e7\u00e3o de turmas.<\/p>\n\n\n\n<p>Com organiza\u00e7\u00e3o alinhada \u00e0 legisla\u00e7\u00e3o educacional brasileira, o Col\u00e9gio Criativa reafirma seu compromisso com uma forma\u00e7\u00e3o estruturada, personalizada e voltada ao desenvolvimento integral dos estudantes.<\/p>\n\n\n\n<ul class=\"wp-block-list\">\n<li><strong>Endere\u00e7o: &nbsp;<\/strong>Avenida Dr. Cardoso de Melo, 349<\/li>\n\n\n\n<li><strong>Telefone:<\/strong> 11 5543-3848<\/li>\n\n\n\n<li><strong>Site:<\/strong> <a href=\"https:\/\/colegiocriativa.com.br\/\" target=\"_blank\" rel=\"noreferrer noopener\">https:\/\/colegiocriativa.com.br\/<\/a><\/li>\n<\/ul>\n\n\n\n<h2 class=\"wp-block-heading\"> 3. Escola Viva<\/h2>\n\n\n\n<p>Com projetos arquitet\u00f4nicos pensados e constantemente avaliados para favorecer a liberdade e a autonomia, a proposta da Escola Viva integra espa\u00e7o e pedagogia de forma org\u00e2nica. Cada ambiente \u00e9 concebido como agente educador, estimulando a curiosidade, a sensibilidade e a investiga\u00e7\u00e3o em um contexto que valoriza o contato com a natureza e a viv\u00eancia significativa dos estudantes da educa\u00e7\u00e3o infantil at\u00e9 o ensino m\u00e9dio.<\/p>\n\n\n\n<p>Para os menores, quintais de terra, bosques, \u00e1rvores e pequenos animais ampliam as possibilidades de explora\u00e7\u00e3o e descoberta. J\u00e1 os demais segmentos contam com espa\u00e7os amplos, salas integradas a varandas, bibliotecas, \u00e1reas destinadas \u00e0 culin\u00e1ria, pr\u00e1ticas corporais, circo e m\u00fasica, al\u00e9m de recantos que convidam \u00e0 imagina\u00e7\u00e3o e \u00e0s grandes aventuras do cotidiano escolar.<\/p>\n\n\n\n<p>A experimenta\u00e7\u00e3o \u00e9 compreendida como parte essencial do processo de constru\u00e7\u00e3o do conhecimento, reconhecendo o erro como oportunidade de reflex\u00e3o e aprimoramento. A ousadia impulsiona a busca por solu\u00e7\u00f5es criativas e respons\u00e1veis em um mundo em constante transforma\u00e7\u00e3o. <\/p>\n\n\n\n<figure class=\"wp-block-embed is-type-video is-provider-youtube wp-block-embed-youtube wp-embed-aspect-16-9 wp-has-aspect-ratio\"><div class=\"wp-block-embed__wrapper\">\n<iframe loading=\"lazy\" title=\"Escola Viva 50 anos\" width=\"702\" height=\"395\" src=\"https:\/\/www.youtube.com\/embed\/nt9q0EuB-Uo?feature=oembed\" frameborder=\"0\" allow=\"accelerometer; autoplay; clipboard-write; encrypted-media; gyroscope; picture-in-picture; web-share\" referrerpolicy=\"strict-origin-when-cross-origin\" allowfullscreen><\/iframe>\n<\/div><\/figure>\n\n\n\n<p>A excel\u00eancia orienta o uso competente e significativo do saber, indo al\u00e9m da simples aquisi\u00e7\u00e3o de conte\u00fados. A diversidade \u00e9 valorizada como fundamento da conviv\u00eancia democr\u00e1tica e do respeito \u00e0s diferentes identidades. E a sustentabilidade \u00e9 assumida como compromisso \u00e9tico com o futuro, integrando responsabilidade social e ambiental \u00e0 forma\u00e7\u00e3o dos estudantes.<\/p>\n\n\n\n<p>Dessa forma, a Escola Viva consolida uma proposta que articula infraestrutura, pedagogia e valores, promovendo uma forma\u00e7\u00e3o integral alinhada \u00e0s demandas contempor\u00e2neas e \u00e0s m\u00faltiplas dimens\u00f5es do desenvolvimento humano.<\/p>\n\n\n\n<ul class=\"wp-block-list\">\n<li><strong>Endere\u00e7o: &nbsp;<\/strong>R. Prof. Vahia de Abreu, 488<\/li>\n\n\n\n<li><strong>Telefone:<\/strong> (11) 3040-2250<\/li>\n\n\n\n<li><strong>Site:<\/strong> <a href=\"https:\/\/www.escolaviva.com.br\/\" target=\"_blank\" rel=\"noreferrer noopener\">https:\/\/www.escolaviva.com.br\/<\/a><\/li>\n<\/ul>\n\n\n\n<h2 class=\"wp-block-heading\">2. Escola Gaivota <\/h2>\n\n\n\n<p>A Escola Gaivota nasceu no in\u00edcio dos anos 1990 e atende educa\u00e7\u00e3o infantil e fundamental I. Desde o princ\u00edpio, o projeto foi concebido com a miss\u00e3o de oferecer \u00e0s crian\u00e7as rotinas estruturadas e cuidados consistentes como ferramentas para a conquista da autonomia, sempre com seguran\u00e7a, bons referenciais e respeito \u00e0 participa\u00e7\u00e3o ativa de cada uma em seu pr\u00f3prio desenvolvimento. <\/p>\n\n\n\n<p>O projeto pedag\u00f3gico parte do reconhecimento da crian\u00e7a como sujeito potente, que j\u00e1 chega \u00e0 escola carregada de conhecimentos e experi\u00eancias constru\u00eddos muito antes da viv\u00eancia escolar. O curr\u00edculo \u00e9 organizado a partir dos campos de experi\u00eancias definidos pela BNCC e estruturado por meio de projetos adequados a cada faixa et\u00e1ria.<\/p>\n\n\n\n<figure class=\"wp-block-embed is-type-video is-provider-youtube wp-block-embed-youtube wp-embed-aspect-16-9 wp-has-aspect-ratio\"><div class=\"wp-block-embed__wrapper\">\n<iframe loading=\"lazy\" title=\"video home Nossa historia\" width=\"702\" height=\"395\" src=\"https:\/\/www.youtube.com\/embed\/V9lg78VMuwM?feature=oembed\" frameborder=\"0\" allow=\"accelerometer; autoplay; clipboard-write; encrypted-media; gyroscope; picture-in-picture; web-share\" referrerpolicy=\"strict-origin-when-cross-origin\" allowfullscreen><\/iframe>\n<\/div><\/figure>\n\n\n\n<p>O programa bil\u00edngue \u00e9 um dos diferenciais da proposta. A imers\u00e3o na l\u00edngua inglesa acontece durante as quatro horas di\u00e1rias de perman\u00eancia na escola, integrando o idioma \u00e0 rotina e \u00e0s experi\u00eancias das crian\u00e7as de forma natural. No curr\u00edculo brasileiro, o ensino da l\u00edngua inglesa conta com certifica\u00e7\u00e3o pelo m\u00e9todo Red Balloon \u2013 In School, ampliando as oportunidades de aprendizagem e flu\u00eancia.<\/p>\n\n\n\n<p>A est\u00e9tica do espa\u00e7o tamb\u00e9m reflete a intencionalidade pedag\u00f3gica. Em uma \u00e1rea de 2.500 m\u00b2, a escola disp\u00f5e de tr\u00eas parques, biblioteca, quadra de esportes, sala de m\u00fasica, refeit\u00f3rio, vila interativa, ateli\u00ea e salas amplas e arejadas, compondo ambientes que estimulam a conviv\u00eancia, a explora\u00e7\u00e3o e o desenvolvimento integral.<\/p>\n\n\n\n<ul class=\"wp-block-list\">\n<li><strong>Endere\u00e7o: &nbsp;<\/strong>R. Gaivota, 628<\/li>\n\n\n\n<li><strong>Telefone:<\/strong> (11) 5051-1225<\/li>\n\n\n\n<li><strong>Site:<\/strong> <a href=\"https:\/\/escolagaivota.com.br\/\" target=\"_blank\" rel=\"noreferrer noopener\">https:\/\/escolagaivota.com.br\/<\/a><\/li>\n<\/ul>\n\n\n\n<h2 class=\"wp-block-heading\">1. Col\u00e9gio Octagon<\/h2>\n\n\n\n<p>O Col\u00e9gio Octagon nasceu em 2005, desde o in\u00edcio, a proposta foi oferecer um ambiente em que cada estudante fosse reconhecido em sua individualidade, com turmas reduzidas e ensino personalizado, valorizando habilidades, talentos e potencialidades.<\/p>\n\n\n\n<p>Mais do que preparar para vestibulares, o Octagon se prop\u00f5e a formar para a vida. Pioneiro na inclus\u00e3o da disciplina de Educa\u00e7\u00e3o Financeira em seu curr\u00edculo, o col\u00e9gio ampliou sua proposta pedag\u00f3gica com conte\u00fados como Gest\u00e3o Empresarial, Projetos de Vida, \u00c9tica, Direito e Cidadania, al\u00e9m de Atualidades e Geopol\u00edtica. A integra\u00e7\u00e3o desses saberes fortalece a vis\u00e3o cr\u00edtica, pr\u00e1tica e estrat\u00e9gica dos alunos, preparando-os para os desafios acad\u00eamicos e para as demandas do mundo contempor\u00e2neo.<\/p>\n\n\n<div class=\"wp-block-image\">\n<figure class=\"aligncenter size-large\"><img decoding=\"async\" src=\"https:\/\/colegiooctagon.com.br\/wp-content\/uploads\/2024\/03\/Fachada-Eucaliptos-5-1024x683.jpg\" alt=\"Col\u00e9gio Octagon em Moema.\"\/><figcaption class=\"wp-element-caption\">Fonte: Col\u00e9gio Octagon<\/figcaption><\/figure><\/div>\n\n\n<p>Com um olhar humanizado e atento \u00e0s transforma\u00e7\u00f5es sociais, a escola investe em uma forma\u00e7\u00e3o completa: acad\u00eamica, emocional e social. O objetivo \u00e9 que cada aluno desenvolva autonomia, consci\u00eancia e seguran\u00e7a para fazer escolhas respons\u00e1veis e construir trajet\u00f3rias significativas.<\/p>\n\n\n\n<p>A organiza\u00e7\u00e3o tamb\u00e9m faz parte da experi\u00eancia educacional. No Col\u00e9gio Octagon, alunos e fam\u00edlias t\u00eam acesso facilitado ao calend\u00e1rio de aulas, \u00e0 programa\u00e7\u00e3o semestral e \u00e0s datas de avalia\u00e7\u00f5es, reunidos em um \u00fanico ambiente.<\/p>\n\n\n\n<ul class=\"wp-block-list\">\n<li><strong>Endere\u00e7o: &nbsp;<\/strong>Av. dos Eucaliptos, 793<\/li>\n\n\n\n<li><strong>Telefone:<\/strong> (11) 3854-1050<\/li>\n\n\n\n<li><strong>Site:<\/strong> <a href=\"https:\/\/www.escolaviva.com.br\/\" target=\"_blank\" rel=\"noreferrer noopener\">https:\/\/colegiooctagon.com.br\/<\/a><\/li>\n<\/ul>\n\n\n\n<h2 class=\"wp-block-heading\">Educa\u00e7\u00e3o de excel\u00eancia em Moema<\/h2>\n\n\n\n<p>Assim como outros diferenciais que tornam o bairro singular, a oferta de escolas em Moema reflete o equil\u00edbrio entre tradi\u00e7\u00e3o, inova\u00e7\u00e3o pedag\u00f3gica e proximidade com as fam\u00edlias. Da Educa\u00e7\u00e3o Infantil ao Ensino M\u00e9dio, a regi\u00e3o re\u00fane institui\u00e7\u00f5es reconhecidas por propostas acad\u00eamicas consistentes, forma\u00e7\u00e3o humanizada e projetos que acompanham as transforma\u00e7\u00f5es do mundo contempor\u00e2neo.<\/p>\n\n\n\n<p>Se voc\u00ea deseja aprofundar seu conhecimento sobre o que torna este bairro um dos mais desejados de S\u00e3o Paulo, convidamos voc\u00ea a explorar algumas <a href=\"https:\/\/www.trisul-sa.com.br\/blog\/moema\/\">atividades, parques e diferenciais de Moema<\/a>.<\/p>\n\n\n\n<h2 class=\"wp-block-heading\">Viver em Moema \u00e9 investir no presente e no futuro<\/h2>\n\n\n\n<p>Escolher Moema \u00e9 optar por um endere\u00e7o consolidado, onde infraestrutura, mobilidade e qualidade de vida caminham juntas. A presen\u00e7a de escolas bem avaliadas, aliada a \u00e1reas verdes, servi\u00e7os e conveni\u00eancias, fortalece o bairro como uma das regi\u00f5es mais desejadas de S\u00e3o Paulo para fam\u00edlias que priorizam educa\u00e7\u00e3o e bem-estar.<\/p>\n\n\n\n<p>Na Trisul, entendemos que morar bem tamb\u00e9m \u00e9 estar pr\u00f3ximo de tudo o que realmente importa, inclusive de institui\u00e7\u00f5es de ensino que acompanham cada etapa da forma\u00e7\u00e3o dos filhos. Os <a href=\"https:\/\/www.trisul-sa.com.br\/imoveis\/sao-paulo\/moema\">empreendimentos Trisul<\/a> s\u00e3o pensados para integrar conforto, funcionalidade e localiza\u00e7\u00e3o estrat\u00e9gica, valorizando uma rotina mais pr\u00e1tica e segura.<\/p>\n","protected":false},"excerpt":{"rendered":"<p>A escolha da institui\u00e7\u00e3o de ensino \u00e9 uma das decis\u00f5es mais estrat\u00e9gicas no planejamento de uma fam\u00edlia. Mais do que um espa\u00e7o de aprendizado, a escola define o ambiente onde valores s\u00e3o consolidados e projetos de vida come\u00e7am a ser estruturados. Nesse contexto, o bairro de Moema consolida-se como um dos bairros mais qualificados da<\/p>\n<div class=\"read-more\"><a href=\"https:\/\/www.trisul-sa.com.br\/blog\/escolas-particulares-em-moema\/\" title=\"Read More\">Read More<\/a><\/div>\n","protected":false},"author":24,"featured_media":50055,"comment_status":"closed","ping_status":"closed","sticky":false,"template":"","format":"standard","meta":{"_jetpack_newsletter_access":"","_jetpack_dont_email_post_to_subs":false,"_jetpack_newsletter_tier_id":0,"_jetpack_memberships_contains_paywalled_content":false,"_jetpack_memberships_contains_paid_content":false,"footnotes":""},"categories":[4],"tags":[],"class_list":{"0":"post-50053","1":"post","2":"type-post","3":"status-publish","4":"format-standard","5":"has-post-thumbnail","7":"category-conheca-seu-bairro"},"yoast_head":"<!-- This site is optimized with the Yoast SEO plugin v24.6 - https:\/\/yoast.com\/wordpress\/plugins\/seo\/ -->\n<title>15 Escolas particulares de refer\u00eancia em Moema | Blog da Trisul<\/title>\n<meta name=\"description\" content=\"Conhe\u00e7a as 15 escolas particulares refer\u00eancia em ensino de qualidade que ficam localizadas no bairro Moema e regi\u00e3o.\" \/>\n<meta name=\"robots\" content=\"index, follow, max-snippet:-1, max-image-preview:large, max-video-preview:-1\" \/>\n<link rel=\"canonical\" href=\"https:\/\/www.trisul-sa.com.br\/blog\/escolas-particulares-em-moema\/\" \/>\n<meta property=\"og:locale\" content=\"pt_BR\" \/>\n<meta property=\"og:type\" content=\"article\" \/>\n<meta property=\"og:title\" content=\"15 Escolas particulares de refer\u00eancia em Moema | Blog da Trisul\" \/>\n<meta property=\"og:description\" content=\"Conhe\u00e7a as 15 escolas particulares refer\u00eancia em ensino de qualidade que ficam localizadas no bairro Moema e regi\u00e3o.\" \/>\n<meta property=\"og:url\" content=\"https:\/\/www.trisul-sa.com.br\/blog\/escolas-particulares-em-moema\/\" \/>\n<meta property=\"og:site_name\" content=\"Blog da Trisul\" \/>\n<meta property=\"article:published_time\" content=\"2026-03-17T11:00:00+00:00\" \/>\n<meta property=\"article:modified_time\" content=\"2026-04-18T15:55:06+00:00\" \/>\n<meta property=\"og:image\" content=\"https:\/\/www.trisul-sa.com.br\/blog\/wp-content\/uploads\/2026\/02\/criancas-bricando-em-escola-em-moema.jpg\" \/>\n\t<meta property=\"og:image:width\" content=\"1200\" \/>\n\t<meta property=\"og:image:height\" content=\"800\" \/>\n\t<meta property=\"og:image:type\" content=\"image\/jpeg\" \/>\n<meta name=\"author\" content=\"Reda\u00e7\u00e3o Trisul\" \/>\n<meta name=\"twitter:card\" content=\"summary_large_image\" \/>\n<meta name=\"twitter:label1\" content=\"Escrito por\" \/>\n\t<meta name=\"twitter:data1\" content=\"Reda\u00e7\u00e3o Trisul\" \/>\n\t<meta name=\"twitter:label2\" content=\"Est. tempo de leitura\" \/>\n\t<meta name=\"twitter:data2\" content=\"23 minutos\" \/>\n<script type=\"application\/ld+json\" class=\"yoast-schema-graph\">{\"@context\":\"https:\/\/schema.org\",\"@graph\":[{\"@type\":\"Article\",\"@id\":\"https:\/\/www.trisul-sa.com.br\/blog\/escolas-particulares-em-moema\/#article\",\"isPartOf\":{\"@id\":\"https:\/\/www.trisul-sa.com.br\/blog\/escolas-particulares-em-moema\/\"},\"author\":{\"name\":\"Reda\u00e7\u00e3o Trisul\",\"@id\":\"https:\/\/www.trisul-sa.com.br\/blog\/#\/schema\/person\/9628e647185e3cb2d1cb9aeaa4534330\"},\"headline\":\"15 Escolas particulares de refer\u00eancia em Moema\",\"datePublished\":\"2026-03-17T11:00:00+00:00\",\"dateModified\":\"2026-04-18T15:55:06+00:00\",\"mainEntityOfPage\":{\"@id\":\"https:\/\/www.trisul-sa.com.br\/blog\/escolas-particulares-em-moema\/\"},\"wordCount\":4404,\"publisher\":{\"@id\":\"https:\/\/www.trisul-sa.com.br\/blog\/#organization\"},\"image\":{\"@id\":\"https:\/\/www.trisul-sa.com.br\/blog\/escolas-particulares-em-moema\/#primaryimage\"},\"thumbnailUrl\":\"https:\/\/www.trisul-sa.com.br\/blog\/wp-content\/uploads\/2026\/02\/criancas-bricando-em-escola-em-moema.jpg\",\"articleSection\":[\"Conhe\u00e7a seu Bairro\"],\"inLanguage\":\"pt-BR\"},{\"@type\":\"WebPage\",\"@id\":\"https:\/\/www.trisul-sa.com.br\/blog\/escolas-particulares-em-moema\/\",\"url\":\"https:\/\/www.trisul-sa.com.br\/blog\/escolas-particulares-em-moema\/\",\"name\":\"15 Escolas particulares de refer\u00eancia em Moema | Blog da Trisul\",\"isPartOf\":{\"@id\":\"https:\/\/www.trisul-sa.com.br\/blog\/#website\"},\"primaryImageOfPage\":{\"@id\":\"https:\/\/www.trisul-sa.com.br\/blog\/escolas-particulares-em-moema\/#primaryimage\"},\"image\":{\"@id\":\"https:\/\/www.trisul-sa.com.br\/blog\/escolas-particulares-em-moema\/#primaryimage\"},\"thumbnailUrl\":\"https:\/\/www.trisul-sa.com.br\/blog\/wp-content\/uploads\/2026\/02\/criancas-bricando-em-escola-em-moema.jpg\",\"datePublished\":\"2026-03-17T11:00:00+00:00\",\"dateModified\":\"2026-04-18T15:55:06+00:00\",\"description\":\"Conhe\u00e7a as 15 escolas particulares refer\u00eancia em ensino de qualidade que ficam localizadas no bairro Moema e regi\u00e3o.\",\"breadcrumb\":{\"@id\":\"https:\/\/www.trisul-sa.com.br\/blog\/escolas-particulares-em-moema\/#breadcrumb\"},\"inLanguage\":\"pt-BR\",\"potentialAction\":[{\"@type\":\"ReadAction\",\"target\":[\"https:\/\/www.trisul-sa.com.br\/blog\/escolas-particulares-em-moema\/\"]}]},{\"@type\":\"ImageObject\",\"inLanguage\":\"pt-BR\",\"@id\":\"https:\/\/www.trisul-sa.com.br\/blog\/escolas-particulares-em-moema\/#primaryimage\",\"url\":\"https:\/\/www.trisul-sa.com.br\/blog\/wp-content\/uploads\/2026\/02\/criancas-bricando-em-escola-em-moema.jpg\",\"contentUrl\":\"https:\/\/www.trisul-sa.com.br\/blog\/wp-content\/uploads\/2026\/02\/criancas-bricando-em-escola-em-moema.jpg\",\"width\":1200,\"height\":800,\"caption\":\"Crian\u00e7as brincando em escola em Moema.\"},{\"@type\":\"BreadcrumbList\",\"@id\":\"https:\/\/www.trisul-sa.com.br\/blog\/escolas-particulares-em-moema\/#breadcrumb\",\"itemListElement\":[{\"@type\":\"ListItem\",\"position\":1,\"name\":\"In\u00edcio\",\"item\":\"https:\/\/www.trisul-sa.com.br\/blog\/\"},{\"@type\":\"ListItem\",\"position\":2,\"name\":\"15 Escolas particulares de refer\u00eancia em Moema\"}]},{\"@type\":\"WebSite\",\"@id\":\"https:\/\/www.trisul-sa.com.br\/blog\/#website\",\"url\":\"https:\/\/www.trisul-sa.com.br\/blog\/\",\"name\":\"Blog da Trisul\",\"description\":\"\",\"publisher\":{\"@id\":\"https:\/\/www.trisul-sa.com.br\/blog\/#organization\"},\"potentialAction\":[{\"@type\":\"SearchAction\",\"target\":{\"@type\":\"EntryPoint\",\"urlTemplate\":\"https:\/\/www.trisul-sa.com.br\/blog\/?s={search_term_string}\"},\"query-input\":{\"@type\":\"PropertyValueSpecification\",\"valueRequired\":true,\"valueName\":\"search_term_string\"}}],\"inLanguage\":\"pt-BR\"},{\"@type\":\"Organization\",\"@id\":\"https:\/\/www.trisul-sa.com.br\/blog\/#organization\",\"name\":\"Blog da Trisul\",\"url\":\"https:\/\/www.trisul-sa.com.br\/blog\/\",\"logo\":{\"@type\":\"ImageObject\",\"inLanguage\":\"pt-BR\",\"@id\":\"https:\/\/www.trisul-sa.com.br\/blog\/#\/schema\/logo\/image\/\",\"url\":\"https:\/\/www.trisul-sa.com.br\/blog\/wp-content\/uploads\/2016\/09\/logo-trisul.png\",\"contentUrl\":\"https:\/\/www.trisul-sa.com.br\/blog\/wp-content\/uploads\/2016\/09\/logo-trisul.png\",\"width\":168,\"height\":28,\"caption\":\"Blog da Trisul\"},\"image\":{\"@id\":\"https:\/\/www.trisul-sa.com.br\/blog\/#\/schema\/logo\/image\/\"}},{\"@type\":\"Person\",\"@id\":\"https:\/\/www.trisul-sa.com.br\/blog\/#\/schema\/person\/9628e647185e3cb2d1cb9aeaa4534330\",\"name\":\"Reda\u00e7\u00e3o Trisul\"}]}<\/script>\n<!-- \/ Yoast SEO plugin. -->","yoast_head_json":{"title":"15 Escolas particulares de refer\u00eancia em Moema | Blog da Trisul","description":"Conhe\u00e7a as 15 escolas particulares refer\u00eancia em ensino de qualidade que ficam localizadas no bairro Moema e regi\u00e3o.","robots":{"index":"index","follow":"follow","max-snippet":"max-snippet:-1","max-image-preview":"max-image-preview:large","max-video-preview":"max-video-preview:-1"},"canonical":"https:\/\/www.trisul-sa.com.br\/blog\/escolas-particulares-em-moema\/","og_locale":"pt_BR","og_type":"article","og_title":"15 Escolas particulares de refer\u00eancia em Moema | Blog da Trisul","og_description":"Conhe\u00e7a as 15 escolas particulares refer\u00eancia em ensino de qualidade que ficam localizadas no bairro Moema e regi\u00e3o.","og_url":"https:\/\/www.trisul-sa.com.br\/blog\/escolas-particulares-em-moema\/","og_site_name":"Blog da Trisul","article_published_time":"2026-03-17T11:00:00+00:00","article_modified_time":"2026-04-18T15:55:06+00:00","og_image":[{"width":1200,"height":800,"url":"https:\/\/www.trisul-sa.com.br\/blog\/wp-content\/uploads\/2026\/02\/criancas-bricando-em-escola-em-moema.jpg","type":"image\/jpeg"}],"author":"Reda\u00e7\u00e3o Trisul","twitter_card":"summary_large_image","twitter_misc":{"Escrito por":"Reda\u00e7\u00e3o Trisul","Est. tempo de leitura":"23 minutos"},"schema":{"@context":"https:\/\/schema.org","@graph":[{"@type":"Article","@id":"https:\/\/www.trisul-sa.com.br\/blog\/escolas-particulares-em-moema\/#article","isPartOf":{"@id":"https:\/\/www.trisul-sa.com.br\/blog\/escolas-particulares-em-moema\/"},"author":{"name":"Reda\u00e7\u00e3o Trisul","@id":"https:\/\/www.trisul-sa.com.br\/blog\/#\/schema\/person\/9628e647185e3cb2d1cb9aeaa4534330"},"headline":"15 Escolas particulares de refer\u00eancia em Moema","datePublished":"2026-03-17T11:00:00+00:00","dateModified":"2026-04-18T15:55:06+00:00","mainEntityOfPage":{"@id":"https:\/\/www.trisul-sa.com.br\/blog\/escolas-particulares-em-moema\/"},"wordCount":4404,"publisher":{"@id":"https:\/\/www.trisul-sa.com.br\/blog\/#organization"},"image":{"@id":"https:\/\/www.trisul-sa.com.br\/blog\/escolas-particulares-em-moema\/#primaryimage"},"thumbnailUrl":"https:\/\/www.trisul-sa.com.br\/blog\/wp-content\/uploads\/2026\/02\/criancas-bricando-em-escola-em-moema.jpg","articleSection":["Conhe\u00e7a seu Bairro"],"inLanguage":"pt-BR"},{"@type":"WebPage","@id":"https:\/\/www.trisul-sa.com.br\/blog\/escolas-particulares-em-moema\/","url":"https:\/\/www.trisul-sa.com.br\/blog\/escolas-particulares-em-moema\/","name":"15 Escolas particulares de refer\u00eancia em Moema | Blog da Trisul","isPartOf":{"@id":"https:\/\/www.trisul-sa.com.br\/blog\/#website"},"primaryImageOfPage":{"@id":"https:\/\/www.trisul-sa.com.br\/blog\/escolas-particulares-em-moema\/#primaryimage"},"image":{"@id":"https:\/\/www.trisul-sa.com.br\/blog\/escolas-particulares-em-moema\/#primaryimage"},"thumbnailUrl":"https:\/\/www.trisul-sa.com.br\/blog\/wp-content\/uploads\/2026\/02\/criancas-bricando-em-escola-em-moema.jpg","datePublished":"2026-03-17T11:00:00+00:00","dateModified":"2026-04-18T15:55:06+00:00","description":"Conhe\u00e7a as 15 escolas particulares refer\u00eancia em ensino de qualidade que ficam localizadas no bairro Moema e regi\u00e3o.","breadcrumb":{"@id":"https:\/\/www.trisul-sa.com.br\/blog\/escolas-particulares-em-moema\/#breadcrumb"},"inLanguage":"pt-BR","potentialAction":[{"@type":"ReadAction","target":["https:\/\/www.trisul-sa.com.br\/blog\/escolas-particulares-em-moema\/"]}]},{"@type":"ImageObject","inLanguage":"pt-BR","@id":"https:\/\/www.trisul-sa.com.br\/blog\/escolas-particulares-em-moema\/#primaryimage","url":"https:\/\/www.trisul-sa.com.br\/blog\/wp-content\/uploads\/2026\/02\/criancas-bricando-em-escola-em-moema.jpg","contentUrl":"https:\/\/www.trisul-sa.com.br\/blog\/wp-content\/uploads\/2026\/02\/criancas-bricando-em-escola-em-moema.jpg","width":1200,"height":800,"caption":"Crian\u00e7as brincando em escola em Moema."},{"@type":"BreadcrumbList","@id":"https:\/\/www.trisul-sa.com.br\/blog\/escolas-particulares-em-moema\/#breadcrumb","itemListElement":[{"@type":"ListItem","position":1,"name":"In\u00edcio","item":"https:\/\/www.trisul-sa.com.br\/blog\/"},{"@type":"ListItem","position":2,"name":"15 Escolas particulares de refer\u00eancia em Moema"}]},{"@type":"WebSite","@id":"https:\/\/www.trisul-sa.com.br\/blog\/#website","url":"https:\/\/www.trisul-sa.com.br\/blog\/","name":"Blog da Trisul","description":"","publisher":{"@id":"https:\/\/www.trisul-sa.com.br\/blog\/#organization"},"potentialAction":[{"@type":"SearchAction","target":{"@type":"EntryPoint","urlTemplate":"https:\/\/www.trisul-sa.com.br\/blog\/?s={search_term_string}"},"query-input":{"@type":"PropertyValueSpecification","valueRequired":true,"valueName":"search_term_string"}}],"inLanguage":"pt-BR"},{"@type":"Organization","@id":"https:\/\/www.trisul-sa.com.br\/blog\/#organization","name":"Blog da Trisul","url":"https:\/\/www.trisul-sa.com.br\/blog\/","logo":{"@type":"ImageObject","inLanguage":"pt-BR","@id":"https:\/\/www.trisul-sa.com.br\/blog\/#\/schema\/logo\/image\/","url":"https:\/\/www.trisul-sa.com.br\/blog\/wp-content\/uploads\/2016\/09\/logo-trisul.png","contentUrl":"https:\/\/www.trisul-sa.com.br\/blog\/wp-content\/uploads\/2016\/09\/logo-trisul.png","width":168,"height":28,"caption":"Blog da Trisul"},"image":{"@id":"https:\/\/www.trisul-sa.com.br\/blog\/#\/schema\/logo\/image\/"}},{"@type":"Person","@id":"https:\/\/www.trisul-sa.com.br\/blog\/#\/schema\/person\/9628e647185e3cb2d1cb9aeaa4534330","name":"Reda\u00e7\u00e3o Trisul"}]}},"jetpack_featured_media_url":"https:\/\/www.trisul-sa.com.br\/blog\/wp-content\/uploads\/2026\/02\/criancas-bricando-em-escola-em-moema.jpg","jetpack_shortlink":"https:\/\/wp.me\/p7OEkz-d1j","jetpack_sharing_enabled":true,"_links":{"self":[{"href":"https:\/\/www.trisul-sa.com.br\/blog\/wp-json\/wp\/v2\/posts\/50053","targetHints":{"allow":["GET"]}}],"collection":[{"href":"https:\/\/www.trisul-sa.com.br\/blog\/wp-json\/wp\/v2\/posts"}],"about":[{"href":"https:\/\/www.trisul-sa.com.br\/blog\/wp-json\/wp\/v2\/types\/post"}],"author":[{"embeddable":true,"href":"https:\/\/www.trisul-sa.com.br\/blog\/wp-json\/wp\/v2\/users\/24"}],"replies":[{"embeddable":true,"href":"https:\/\/www.trisul-sa.com.br\/blog\/wp-json\/wp\/v2\/comments?post=50053"}],"version-history":[{"count":8,"href":"https:\/\/www.trisul-sa.com.br\/blog\/wp-json\/wp\/v2\/posts\/50053\/revisions"}],"predecessor-version":[{"id":50302,"href":"https:\/\/www.trisul-sa.com.br\/blog\/wp-json\/wp\/v2\/posts\/50053\/revisions\/50302"}],"wp:featuredmedia":[{"embeddable":true,"href":"https:\/\/www.trisul-sa.com.br\/blog\/wp-json\/wp\/v2\/media\/50055"}],"wp:attachment":[{"href":"https:\/\/www.trisul-sa.com.br\/blog\/wp-json\/wp\/v2\/media?parent=50053"}],"wp:term":[{"taxonomy":"category","embeddable":true,"href":"https:\/\/www.trisul-sa.com.br\/blog\/wp-json\/wp\/v2\/categories?post=50053"},{"taxonomy":"post_tag","embeddable":true,"href":"https:\/\/www.trisul-sa.com.br\/blog\/wp-json\/wp\/v2\/tags?post=50053"}],"curies":[{"name":"wp","href":"https:\/\/api.w.org\/{rel}","templated":true}]}}